{"id":124416,"date":"2021-08-16T19:43:09","date_gmt":"2021-08-16T23:43:09","guid":{"rendered":"https:\/\/linitiative.ca\/International\/journee-internationale-de-la-jeunesse-un-appel-a-la-consolidation-de-la-democratie\/"},"modified":"2021-08-16T19:43:09","modified_gmt":"2021-08-16T23:43:09","slug":"journee-internationale-de-la-jeunesse-un-appel-a-la-consolidation-de-la-democratie","status":"publish","type":"post","link":"https:\/\/linitiative.ca\/International\/journee-internationale-de-la-jeunesse-un-appel-a-la-consolidation-de-la-democratie\/","title":{"rendered":"Journ\u00e9e internationale de la jeunesse : un appel \u00e0 la consolidation de la d\u00e9mocratie"},"content":{"rendered":"<div>\n<p><strong>Le minist\u00e8re de la Jeunesse, de la Promotion de l\u2019entrepreneuriat et de l\u2019Emploi a comm\u00e9mor\u00e9, le 12 ao\u00fbt 2021 \u00e0 Tenkodogo, la Journ\u00e9e internationale de la jeunesse (JIJ) \u00e9dition 2021, sous le th\u00e8me\u00a0: \u00abContribution de la jeunesse \u00e0 la consolidation de la d\u00e9mocratie et de la coh\u00e9sion sociale, dans un contexte d\u2019ins\u00e9curit\u00e9\u00bb.<\/strong><\/p>\n<p>Souscrivant \u00e0 la r\u00e9solution A\/RES\/54\/20 du 17 d\u00e9cembre 1999 de l\u2019Assembl\u00e9e g\u00e9n\u00e9rale des Nations unies \u00e0 la suite de la demande des jeunes, le Burkina Faso comm\u00e9more r\u00e9guli\u00e8rement la Journ\u00e9e internationale de la jeunesse (JIJ) \u00e0 travers diverses activit\u00e9s. Cette ann\u00e9e, c\u2019est \u00e0 Tenkodogo, que la jeunesse s\u2019est retrouv\u00e9e autour de leur ministre de tutelle, Salifo Tiemtor\u00e9, pour discuter de la \u00ab Contribution de la jeunesse \u00e0 la consolidation de la d\u00e9mocratie et de la coh\u00e9sion sociale, dans un contexte d\u2019ins\u00e9curit\u00e9 \u00bb.<\/p>\n<p>L\u2019\u00e9v\u00e9nement a \u00e9t\u00e9 marqu\u00e9 par un sketch et une conf\u00e9rence publique sur le th\u00e8me, suivie d\u2019\u00e9changes avec les jeunes, le lancement du Programme d\u2019appui \u00e0 l\u2019insertion socio-\u00e9conomique des jeunes dipl\u00f4m\u00e9s, une op\u00e9ration de collecte de sang, une soir\u00e9e d\u2019hommage \u00e0 la jeunesse et des r\u00e9compenses, une visite de Bagr\u00e9 P\u00f4le et des jeunes promoteurs suivie de plantation d\u2019arbres.<\/p>\n<p>A l\u2019occasion, le ministre de la Jeunesse, de la Promotion de l\u2019entrepreneuriat et de l\u2019Emploi, Salifo Tiemtor\u00e9, a d\u00e9clar\u00e9 que l\u2019\u00e9dition 2021 de la JIJ est c\u00e9l\u00e9br\u00e9e au Burkina Faso, dans un contexte d\u2019ins\u00e9curit\u00e9, marqu\u00e9e par la persistance des attaques des forces malveillantes qui endeuillent des familles et mettent \u00e0 rude \u00e9preuve la coh\u00e9sion sociale et le vivre-ensemble. Le ministre Tiemtor\u00e9 a r\u00e9affirm\u00e9 son admiration et celle du gouvernement pour la jeunesse burkinab\u00e8 qui, de tout temps, a jou\u00e9 \u00ab\u00a0un r\u00f4le d\u00e9terminant\u00a0\u00bb dans la vie de la nation, en restant r\u00e9siliente face aux adversit\u00e9s de toute nature.<\/p>\n<h3>Cr\u00e9er 600\u00a0000 emplois<\/h3>\n<figure id=\"attachment_38610\" aria-describedby=\"caption-attachment-38610\" style=\"width: 300px\" class=\"wp-caption alignleft\"><img decoding=\"async\" loading=\"lazy\" class=\"size-medium wp-image-38610\" src=\"https:\/\/linitiative.ca\/International\/wp-content\/uploads\/sites\/23\/2021\/08\/jeunesse2-300x176-1.jpg\" alt=\"\" width=\"300\" height=\"176\" srcset=\"https:\/\/linitiative.ca\/International\/wp-content\/uploads\/sites\/23\/2021\/08\/jeunesse2-300x176-1.jpg 300w, https:\/\/www.sidwaya.info\/wp-content\/uploads\/2021\/08\/jeunesse2-768x450.jpg 768w, https:\/\/www.sidwaya.info\/wp-content\/uploads\/2021\/08\/jeunesse2-150x88.jpg 150w, https:\/\/www.sidwaya.info\/wp-content\/uploads\/2021\/08\/jeunesse2-696x408.jpg 696w, https:\/\/www.sidwaya.info\/wp-content\/uploads\/2021\/08\/jeunesse2-717x420.jpg 717w, https:\/\/www.sidwaya.info\/wp-content\/uploads\/2021\/08\/jeunesse2.jpg 780w\" sizes=\"auto, (max-width: 300px) 100vw, 300px\"><figcaption id=\"caption-attachment-38610\" class=\"wp-caption-text\">La jeunesse a \u00e9chang\u00e9 autour de sa contribution \u00e0 la consolidation de la d\u00e9mocratie et de la coh\u00e9sion sociale, dans un contexte d\u2019ins\u00e9curit\u00e9.<\/figcaption><\/figure>\n<p>Il a toutefois rassur\u00e9 que le gouvernement jouera pleinement le r\u00f4le qui est le sien, en cr\u00e9ant plus d\u2019espaces et d\u2019opportunit\u00e9s d\u2019expression, de d\u00e9veloppement et d\u2019\u00e9closion des initiatives des jeunes. Le ministre Tiemtor\u00e9 a, \u00e0 ce titre, annonc\u00e9 le lancement prochain de l\u2019initiative pr\u00e9sidentielle qui permettra la cr\u00e9ation de 600\u00a0000 emplois pour lutter contre le ch\u00f4mage et vaincre la pauvret\u00e9 qui constituent des terreaux fertiles pour le terrorisme. Le parrain de la journ\u00e9e, Prince Akim, a d\u00e9clar\u00e9 qu\u2019au-del\u00e0 de \u00ab\u00a0sa pertinente r\u00e9alit\u00e9 et de sa br\u00fblante actualit\u00e9\u00a0\u00bb, le th\u00e8me de l\u2019\u00e9dition 2021 de la JIJ interpelle la conscience nationale et ne laisse indiff\u00e9rents ni les gouvernants, ni les \u00e9ducateurs et les parents, encore moins les jeunes.<\/p>\n<p>A ses filleuls, Prince Akim a conseill\u00e9 de s\u2019approprier les valeurs de leadership qui s\u2019appr\u00e9hendent comme la capacit\u00e9 \u00e0 cr\u00e9er un monde auquel les autres veulent appartenir. \u00ab\u00a0Vous devez \u00eatre des leaders capables d\u2019analyser et de comprendre le monde actuel, de concevoir et d\u2019incarner les valeurs de l\u2019honneur, du travail bien fait et de la justice \u00bb, a-t-il lanc\u00e9. Le pr\u00e9sident du Conseil national de la jeunesse (CNJ), Moumouni Dialla, a indiqu\u00e9 qu\u2019au-del\u00e0 de son caract\u00e8re festif, la JIJ est un moment de bilan, d\u2019introspection, de r\u00e9flexion et de prospection sur la situation de la jeunesse.<\/p>\n<p>\u00ab Elle demeure \u00e9galement importante pour une prise de conscience et de conjugaison de nos intelligences, nos \u00e9nergies et nos forces pour relever les d\u00e9fis et pr\u00e9server les acquis\u00bb, a-t-il ajout\u00e9. M. Dialla a donc invit\u00e9 le gouvernement \u00e0 plus d\u2019efforts dans la mise en \u0153uvre des recommandations formul\u00e9es lors du forum national de la jeunesse tenu en 2019. Car, selon lui, le d\u00e9veloppement du pays ne saurait \u00eatre possible que si la jeunesse est mobilis\u00e9e et d\u00e9termin\u00e9e sur les chantiers de la construction nationale. \u00ab Cela passe par la confiance que les autorit\u00e9s viendraient \u00e0 \u00e9tablir entre elles-m\u00eames et les jeunes \u00bb, a-t-il conclu.<\/p>\n<p style=\"text-align: right\"><strong>Bougnan NAON<\/strong><br \/>\nnaon_2012@yahoo.fr<\/p>\n<p>L\u2019article <a rel=\"nofollow\" href=\"https:\/\/www.sidwaya.info\/blog\/2021\/08\/16\/journee-internationale-de-la-jeunesse-un-appel-a-la-consolidation-de-la-democratie\/\">Journ\u00e9e internationale de la jeunesse : un appel \u00e0 la consolidation de la d\u00e9mocratie<\/a> est apparu en premier sur <a rel=\"nofollow\" href=\"https:\/\/www.sidwaya.info\/\">Quotidien Sidwaya<\/a>.<\/p>\n<\/div>\n<p>Auteur: JK. Sidwaya<br \/>\n<a href=\"https:\/\/www.sidwaya.info\/blog\/2021\/08\/16\/journee-internationale-de-la-jeunesse-un-appel-a-la-consolidation-de-la-democratie\/\">Cliquez ici pour lire l&rsquo;article depuis sa source.<\/a><\/p>\n","protected":false},"excerpt":{"rendered":"<p>Le minist\u00e8re de la Jeunesse, de la Promotion de l\u2019entrepreneuriat et de l\u2019Emploi a comm\u00e9mor\u00e9, le 12 ao\u00fbt 2021 \u00e0 Tenkodogo, la Journ\u00e9e internationale de la jeunesse (JIJ) \u00e9dition 2021, sous le th\u00e8me\u00a0: \u00abContribution de la jeunesse \u00e0 la consolidation de la d\u00e9mocratie et de la coh\u00e9sion sociale, dans un contexte d\u2019ins\u00e9curit\u00e9\u00bb. Souscrivant \u00e0 la [&hellip;]<\/p>\n","protected":false},"author":1816,"featured_media":0,"comment_status":"closed","ping_status":"closed","sticky":false,"template":"","format":"standard","meta":{"fifu_image_url":"https:\/\/www.sidwaya.info\/wp-content\/uploads\/2021\/08\/jeunesse2-300x176.jpg","fifu_image_alt":"Journ\u00e9e internationale de la jeunesse : un appel \u00e0 la consolidation de la d\u00e9mocratie","footnotes":""},"categories":[73,81],"tags":[],"class_list":["post-124416","post","type-post","status-publish","format-standard","hentry","category-actualite","category-burkina-faso"],"_links":{"self":[{"href":"https:\/\/linitiative.ca\/International\/wp-json\/wp\/v2\/posts\/124416","targetHints":{"allow":["GET"]}}],"collection":[{"href":"https:\/\/linitiative.ca\/International\/wp-json\/wp\/v2\/posts"}],"about":[{"href":"https:\/\/linitiative.ca\/International\/wp-json\/wp\/v2\/types\/post"}],"author":[{"embeddable":true,"href":"https:\/\/linitiative.ca\/International\/wp-json\/wp\/v2\/users\/1816"}],"replies":[{"embeddable":true,"href":"https:\/\/linitiative.ca\/International\/wp-json\/wp\/v2\/comments?post=124416"}],"version-history":[{"count":0,"href":"https:\/\/linitiative.ca\/International\/wp-json\/wp\/v2\/posts\/124416\/revisions"}],"wp:attachment":[{"href":"https:\/\/linitiative.ca\/International\/wp-json\/wp\/v2\/media?parent=124416"}],"wp:term":[{"taxonomy":"category","embeddable":true,"href":"https:\/\/linitiative.ca\/International\/wp-json\/wp\/v2\/categories?post=124416"},{"taxonomy":"post_tag","embeddable":true,"href":"https:\/\/linitiative.ca\/International\/wp-json\/wp\/v2\/tags?post=124416"}],"curies":[{"name":"wp","href":"https:\/\/api.w.org\/{rel}","templated":true}]}}