{"id":124419,"date":"2021-08-17T14:03:04","date_gmt":"2021-08-17T18:03:04","guid":{"rendered":"https:\/\/linitiative.ca\/International\/affaire-thomas-sankara-le-proces-souvrira-le-lundi-11-octobre-communique-procureur\/"},"modified":"2021-08-17T14:03:04","modified_gmt":"2021-08-17T18:03:04","slug":"affaire-thomas-sankara-le-proces-souvrira-le-lundi-11-octobre-communique-procureur","status":"publish","type":"post","link":"https:\/\/linitiative.ca\/International\/affaire-thomas-sankara-le-proces-souvrira-le-lundi-11-octobre-communique-procureur\/","title":{"rendered":"Affaire Thomas Sankara\u00a0: le proc\u00e8s s\u2019ouvrira le lundi 11 octobre (communiqu\u00e9 procureur)"},"content":{"rendered":"<div>\n<p>Le Procureur militaire pr\u00e8s le Tribunal militaire de Ouagadougou, informe l\u2019opinion nationale et internationale que le proc\u00e8s des personnes mises en accusation dans l\u2019affaire de l\u2019assassinat du Pr\u00e9sident Thomas Sankara et de ses douze compagnons, s\u2019ouvrira le lundi 11 octobre 2021 \u00e0 partir de 9h00.<\/p>\n<p>Le communiqu\u00e9 pr\u00e9cise que cette audience de la chambre de jugement, d\u00e9localis\u00e9e dans la salle des Banquets de Ouaga 2000 est publique.<\/p>\n<p>L\u2019article <a rel=\"nofollow\" href=\"https:\/\/www.sidwaya.info\/blog\/2021\/08\/17\/affaire-thomas-sankara-le-proces-souvrira-le-lundi-11-octobre-communique-procureur\/\">Affaire Thomas Sankara\u00a0: le proc\u00e8s s\u2019ouvrira le lundi 11 octobre (communiqu\u00e9 procureur)<\/a> est apparu en premier sur <a rel=\"nofollow\" href=\"https:\/\/www.sidwaya.info\/\">Quotidien Sidwaya<\/a>.<\/p>\n<\/div>\n<p>Auteur: BS. Sidwaya<br \/>\n<a href=\"https:\/\/www.sidwaya.info\/blog\/2021\/08\/17\/affaire-thomas-sankara-le-proces-souvrira-le-lundi-11-octobre-communique-procureur\/\">Cliquez ici pour lire l&rsquo;article depuis sa source.<\/a><\/p>\n","protected":false},"excerpt":{"rendered":"<p>Le Procureur militaire pr\u00e8s le Tribunal militaire de Ouagadougou, informe l\u2019opinion nationale et internationale que le proc\u00e8s des personnes mises en accusation dans l\u2019affaire de l\u2019assassinat du Pr\u00e9sident Thomas Sankara et de ses douze compagnons, s\u2019ouvrira le lundi 11 octobre 2021 \u00e0 partir de 9h00. Le communiqu\u00e9 pr\u00e9cise que cette audience de la chambre de [&hellip;]<\/p>\n","protected":false},"author":1816,"featured_media":0,"comment_status":"closed","ping_status":"closed","sticky":false,"template":"","format":"standard","meta":{"fifu_image_url":"","fifu_image_alt":"","footnotes":""},"categories":[73,81],"tags":[],"class_list":["post-124419","post","type-post","status-publish","format-standard","hentry","category-actualite","category-burkina-faso"],"_links":{"self":[{"href":"https:\/\/linitiative.ca\/International\/wp-json\/wp\/v2\/posts\/124419","targetHints":{"allow":["GET"]}}],"collection":[{"href":"https:\/\/linitiative.ca\/International\/wp-json\/wp\/v2\/posts"}],"about":[{"href":"https:\/\/linitiative.ca\/International\/wp-json\/wp\/v2\/types\/post"}],"author":[{"embeddable":true,"href":"https:\/\/linitiative.ca\/International\/wp-json\/wp\/v2\/users\/1816"}],"replies":[{"embeddable":true,"href":"https:\/\/linitiative.ca\/International\/wp-json\/wp\/v2\/comments?post=124419"}],"version-history":[{"count":0,"href":"https:\/\/linitiative.ca\/International\/wp-json\/wp\/v2\/posts\/124419\/revisions"}],"wp:attachment":[{"href":"https:\/\/linitiative.ca\/International\/wp-json\/wp\/v2\/media?parent=124419"}],"wp:term":[{"taxonomy":"category","embeddable":true,"href":"https:\/\/linitiative.ca\/International\/wp-json\/wp\/v2\/categories?post=124419"},{"taxonomy":"post_tag","embeddable":true,"href":"https:\/\/linitiative.ca\/International\/wp-json\/wp\/v2\/tags?post=124419"}],"curies":[{"name":"wp","href":"https:\/\/api.w.org\/{rel}","templated":true}]}}