{"id":124422,"date":"2021-08-17T14:18:01","date_gmt":"2021-08-17T18:18:01","guid":{"rendered":"https:\/\/linitiative.ca\/International\/cote-divoire-un-nouveau-directeur-prend-fonction-a-la-tete-du-cicg\/"},"modified":"2021-08-17T14:18:01","modified_gmt":"2021-08-17T18:18:01","slug":"cote-divoire-un-nouveau-directeur-prend-fonction-a-la-tete-du-cicg","status":"publish","type":"post","link":"https:\/\/linitiative.ca\/International\/cote-divoire-un-nouveau-directeur-prend-fonction-a-la-tete-du-cicg\/","title":{"rendered":"C\u00f4te d\u2019Ivoire: un nouveau directeur prend fonction \u00e0 la t\u00eate du CICG"},"content":{"rendered":"<div>\n<p><img loading=\"lazy\" decoding=\"async\" width=\"1170\" height=\"717\" src=\"https:\/\/linitiative.ca\/International\/wp-content\/uploads\/sites\/23\/2021\/08\/16292242814835.jpg\" class=\"attachment-post-thumbnail size-post-thumbnail wp-post-image\" alt=\"\" srcset=\"https:\/\/linitiative.ca\/International\/wp-content\/uploads\/sites\/23\/2021\/08\/16292242814835.jpg 1170w, https:\/\/www.journalducameroun.com\/wp-content\/uploads\/2021\/08\/16292242814835-300x184.jpg 300w, https:\/\/www.journalducameroun.com\/wp-content\/uploads\/2021\/08\/16292242814835-768x471.jpg 768w, https:\/\/www.journalducameroun.com\/wp-content\/uploads\/2021\/08\/16292242814835-1024x628.jpg 1024w, https:\/\/www.journalducameroun.com\/wp-content\/uploads\/2021\/08\/16292242814835-718x440.jpg 718w, https:\/\/www.journalducameroun.com\/wp-content\/uploads\/2021\/08\/16292242814835-600x368.jpg 600w\" sizes=\"auto, (max-width: 1170px) 100vw, 1170px\"><\/p>\n<p>Le nouveau directeur du Centre d&rsquo;information et de communication gouvernementale (CICG), Mme Awa Dosso, a officiellement pris fonction, mardi, \u00e0 Abidjan en remplacement de Bakary Sanogo.<\/p>\n<p>Selon une note d&rsquo;information du CICG, la c\u00e9r\u00e9monie de passation de charges a \u00e9t\u00e9 pr\u00e9sid\u00e9e par la Cheffe de cabinet du Premier ministre, Mme Coralie Sissoko -Tailly, et en pr\u00e9sence du Directeur de cabinet du ministre de la Communication, des M\u00e9dias et de la Francophonie, Jean Martial Adou.<\/p>\n<p>A cette occasion, Awa Dosso a annonc\u00e9 qu&rsquo;elle entend s&rsquo;appuyer sur deux approches afin de dynamiser la communication gouvernementale. Selon elle, la premi\u00e8re approche consistera \u00e0 \u00ab mettre le citoyen au c\u0153ur de toutes les initiatives \u00bb, et la seconde approche \u00ab sera orient\u00e9e sur les r\u00e9sultats \u00bb, rapporte la note.<\/p>\n<p>\u00ab Je voudrais exprimer ma gratitude au Premier Ministre Patrick Achi pour la confiance plac\u00e9e en moi en me nommant \u00e0 ce poste. Je ferai l&rsquo;effort d&rsquo;\u00eatre \u00e0 la hauteur des t\u00e2ches qui nous attendent \u00bb, a-t-elle poursuivi, indiquant que \u00abNous allons travailler ensemble avec tous les acteurs concern\u00e9s pour dynamiser la communication gouvernementale\u00bb.<\/p>\n<p>Dans la foul\u00e9e, Awa Dosso qui a dit que son ambition est de faire du CICG le phare de la communication gouvernementale en mettant en lumi\u00e8re tous les r\u00e9sultats et impacts des actions du gouvernement en faveur des populations a remerci\u00e9 son pr\u00e9d\u00e9cesseur pour les acquis en mati\u00e8re de communication.<\/p>\n<p>Pour sa part, le directeur sortant, Bakary Sanogo, a souhait\u00e9 plein succ\u00e8s \u00e0 son successeur dans ses nouvelles fonctions. Tout en remerciant le Pr\u00e9sident de la R\u00e9publique, Alassane Ouattara, et le Premier Ministre Patrick Achi, Bakary Sanogo a dit son honneur d&rsquo;avoir servi \u00e0 la t\u00eate du CICG, conclut la note d&rsquo;information.<\/p>\n<p>Cet article <a rel=\"nofollow\" href=\"https:\/\/www.journalducameroun.com\/cote-divoire-un-nouveau-directeur-prend-fonction-a-la-tete-du-cicg\/\">C\u00f4te d\u2019Ivoire: un nouveau directeur prend fonction \u00e0 la t\u00eate du CICG<\/a> est apparu en premier sur <a rel=\"nofollow\" href=\"https:\/\/www.journalducameroun.com\/\">Journal du Cameroun<\/a>.<\/p>\n<\/div>\n<p>Auteur: APA News<br \/>\n<a href=\"https:\/\/www.journalducameroun.com\/cote-divoire-un-nouveau-directeur-prend-fonction-a-la-tete-du-cicg\/\">Cliquez ici pour lire l&rsquo;article depuis sa source.<\/a><\/p>\n","protected":false},"excerpt":{"rendered":"<p>Le nouveau directeur du Centre d&rsquo;information et de communication gouvernementale (CICG), Mme Awa Dosso, a officiellement pris fonction, mardi, \u00e0 Abidjan en remplacement de Bakary Sanogo. Selon une note d&rsquo;information du CICG, la c\u00e9r\u00e9monie de passation de charges a \u00e9t\u00e9 pr\u00e9sid\u00e9e par la Cheffe de cabinet du Premier ministre, Mme Coralie Sissoko -Tailly, et en [&hellip;]<\/p>\n","protected":false},"author":1965,"featured_media":0,"comment_status":"closed","ping_status":"closed","sticky":false,"template":"","format":"standard","meta":{"fifu_image_url":"https:\/\/www.journalducameroun.com\/wp-content\/uploads\/2021\/08\/16292242814835.jpg","fifu_image_alt":"C\u00f4te d\u2019Ivoire: un nouveau directeur prend fonction \u00e0 la t\u00eate du CICG","footnotes":""},"categories":[73,82],"tags":[],"class_list":["post-124422","post","type-post","status-publish","format-standard","hentry","category-actualite","category-cameroun"],"_links":{"self":[{"href":"https:\/\/linitiative.ca\/International\/wp-json\/wp\/v2\/posts\/124422","targetHints":{"allow":["GET"]}}],"collection":[{"href":"https:\/\/linitiative.ca\/International\/wp-json\/wp\/v2\/posts"}],"about":[{"href":"https:\/\/linitiative.ca\/International\/wp-json\/wp\/v2\/types\/post"}],"author":[{"embeddable":true,"href":"https:\/\/linitiative.ca\/International\/wp-json\/wp\/v2\/users\/1965"}],"replies":[{"embeddable":true,"href":"https:\/\/linitiative.ca\/International\/wp-json\/wp\/v2\/comments?post=124422"}],"version-history":[{"count":0,"href":"https:\/\/linitiative.ca\/International\/wp-json\/wp\/v2\/posts\/124422\/revisions"}],"wp:attachment":[{"href":"https:\/\/linitiative.ca\/International\/wp-json\/wp\/v2\/media?parent=124422"}],"wp:term":[{"taxonomy":"category","embeddable":true,"href":"https:\/\/linitiative.ca\/International\/wp-json\/wp\/v2\/categories?post=124422"},{"taxonomy":"post_tag","embeddable":true,"href":"https:\/\/linitiative.ca\/International\/wp-json\/wp\/v2\/tags?post=124422"}],"curies":[{"name":"wp","href":"https:\/\/api.w.org\/{rel}","templated":true}]}}