{"id":124424,"date":"2021-08-17T14:18:01","date_gmt":"2021-08-17T18:18:01","guid":{"rendered":"https:\/\/linitiative.ca\/International\/cote-divoire-lida-kouassi-libere-apres-7h-daudition-a-la-gendarmerie\/"},"modified":"2021-08-17T14:18:01","modified_gmt":"2021-08-17T18:18:01","slug":"cote-divoire-lida-kouassi-libere-apres-7h-daudition-a-la-gendarmerie","status":"publish","type":"post","link":"https:\/\/linitiative.ca\/International\/cote-divoire-lida-kouassi-libere-apres-7h-daudition-a-la-gendarmerie\/","title":{"rendered":"C\u00f4te d\u2019Ivoire: Lida Kouassi lib\u00e9r\u00e9 apr\u00e8s 7h d\u2019audition \u00e0 la gendarmerie"},"content":{"rendered":"<div>\n<p><img loading=\"lazy\" decoding=\"async\" width=\"512\" height=\"275\" src=\"https:\/\/linitiative.ca\/International\/wp-content\/uploads\/sites\/23\/2021\/08\/16292242817704.jpg\" class=\"attachment-post-thumbnail size-post-thumbnail wp-post-image\" alt=\"\" srcset=\"https:\/\/linitiative.ca\/International\/wp-content\/uploads\/sites\/23\/2021\/08\/16292242817704.jpg 512w, https:\/\/www.journalducameroun.com\/wp-content\/uploads\/2021\/08\/16292242817704-300x161.jpg 300w\" sizes=\"auto, (max-width: 512px) 100vw, 512px\"><\/p>\n<p>L&rsquo;ex-ministre ivoirien de la D\u00e9fense, Mo\u00efse Lida Kouassi, accus\u00e9 d'\u00a0\u00bbapologie des crimes de guerre (et) incitation \u00e0 la r\u00e9volte populaire\u00a0\u00bb, a \u00e9t\u00e9 auditionn\u00e9 mardi pendant pr\u00e8s de 7h \u00e0 la brigade de gendarmerie au Plateau, le centre des Affaires d&rsquo;Abidjan, avant d&rsquo;\u00eatre lib\u00e9r\u00e9.<\/p>\n<p>M. Mo\u00efse Lida Kouassi, ministre de la D\u00e9fense sous l&rsquo;\u00e8re Laurent Gbagbo, \u00e9tait convoqu\u00e9 \u00e0 la brigade de recherche de la gendarmerie \u00e0 Abidjan pour \u00ab\u00a0enqu\u00eate judiciaire\u00a0\u00bb, le mardi 17 ao\u00fbt 2021.\u00a0<\/p>\n<p>Entr\u00e9 peu apr\u00e8s 9h30 (GMT, heure locale) dans les locaux de la brigade de recherche de la gendarmerie, avec \u00e0 ses c\u00f4t\u00e9s son avocat et son directeur de Cabinet, il sont sortis autour de 17h, soit sept heures de temps d&rsquo;audition. \u00a0<\/p>\n<p>Selon le directeur de Cabinet, M. Sekr\u00e9, interrog\u00e9 par APA, \u00ab\u00a0c&rsquo;\u00e9tait leur intention de le d\u00e9f\u00e9rer\u00a0\u00bb, mais ils l&rsquo;ont lib\u00e9r\u00e9. On lui reproche d&rsquo;avoir \u00ab\u00a0fait l&rsquo;apologie des crimes de guerre (et) incitation \u00e0 la r\u00e9volte populaire\u00a0\u00bb, dans un post sur sa page Facebook. \u00a0<\/p>\n<p>\u00ab\u00a0Le ministre a fait un post sur Facebook et dit qu&rsquo;il fallait qu&rsquo;on lib\u00e8re les militaires d\u00e9tenus depuis dix ans (apr\u00e8s la crise post\u00e9lectorale de 2010-2011) et que ce n&rsquo;\u00e9tait pas s\u00e9rieux de les garder encore en prison, leur famille souffre alors qu&rsquo;ils n&rsquo;ont fait que d\u00e9fendre la patrie, cette C\u00f4te d&rsquo;Ivoire, o\u00f9 est la C\u00f4te d&rsquo;Ivoire\u00a0\u00bb, a rapport\u00e9 \u00e0 APA son directeur. \u00a0<\/p>\n<p>Cet article <a rel=\"nofollow\" href=\"https:\/\/www.journalducameroun.com\/cote-divoire-lida-kouassi-libere-apres-7h-daudition-a-la-gendarmerie\/\">C\u00f4te d\u2019Ivoire: Lida Kouassi lib\u00e9r\u00e9 apr\u00e8s 7h d\u2019audition \u00e0 la gendarmerie<\/a> est apparu en premier sur <a rel=\"nofollow\" href=\"https:\/\/www.journalducameroun.com\/\">Journal du Cameroun<\/a>.<\/p>\n<\/div>\n<p>Auteur: APA News<br \/>\n<a href=\"https:\/\/www.journalducameroun.com\/cote-divoire-lida-kouassi-libere-apres-7h-daudition-a-la-gendarmerie\/\">Cliquez ici pour lire l&rsquo;article depuis sa source.<\/a><\/p>\n","protected":false},"excerpt":{"rendered":"<p>L&rsquo;ex-ministre ivoirien de la D\u00e9fense, Mo\u00efse Lida Kouassi, accus\u00e9 d&rsquo;\u00a0\u00bbapologie des crimes de guerre (et) incitation \u00e0 la r\u00e9volte populaire\u00a0\u00bb, a \u00e9t\u00e9 auditionn\u00e9 mardi pendant pr\u00e8s de 7h \u00e0 la brigade de gendarmerie au Plateau, le centre des Affaires d&rsquo;Abidjan, avant d&rsquo;\u00eatre lib\u00e9r\u00e9. M. Mo\u00efse Lida Kouassi, ministre de la D\u00e9fense sous l&rsquo;\u00e8re Laurent Gbagbo, [&hellip;]<\/p>\n","protected":false},"author":1965,"featured_media":0,"comment_status":"closed","ping_status":"closed","sticky":false,"template":"","format":"standard","meta":{"fifu_image_url":"https:\/\/www.journalducameroun.com\/wp-content\/uploads\/2021\/08\/16292242817704.jpg","fifu_image_alt":"C\u00f4te d\u2019Ivoire: Lida Kouassi lib\u00e9r\u00e9 apr\u00e8s 7h d\u2019audition \u00e0 la gendarmerie","footnotes":""},"categories":[73,82],"tags":[],"class_list":["post-124424","post","type-post","status-publish","format-standard","hentry","category-actualite","category-cameroun"],"_links":{"self":[{"href":"https:\/\/linitiative.ca\/International\/wp-json\/wp\/v2\/posts\/124424","targetHints":{"allow":["GET"]}}],"collection":[{"href":"https:\/\/linitiative.ca\/International\/wp-json\/wp\/v2\/posts"}],"about":[{"href":"https:\/\/linitiative.ca\/International\/wp-json\/wp\/v2\/types\/post"}],"author":[{"embeddable":true,"href":"https:\/\/linitiative.ca\/International\/wp-json\/wp\/v2\/users\/1965"}],"replies":[{"embeddable":true,"href":"https:\/\/linitiative.ca\/International\/wp-json\/wp\/v2\/comments?post=124424"}],"version-history":[{"count":0,"href":"https:\/\/linitiative.ca\/International\/wp-json\/wp\/v2\/posts\/124424\/revisions"}],"wp:attachment":[{"href":"https:\/\/linitiative.ca\/International\/wp-json\/wp\/v2\/media?parent=124424"}],"wp:term":[{"taxonomy":"category","embeddable":true,"href":"https:\/\/linitiative.ca\/International\/wp-json\/wp\/v2\/categories?post=124424"},{"taxonomy":"post_tag","embeddable":true,"href":"https:\/\/linitiative.ca\/International\/wp-json\/wp\/v2\/tags?post=124424"}],"curies":[{"name":"wp","href":"https:\/\/api.w.org\/{rel}","templated":true}]}}