{"id":124426,"date":"2021-08-17T16:18:02","date_gmt":"2021-08-17T20:18:02","guid":{"rendered":"https:\/\/linitiative.ca\/International\/can-2021-les-des-sont-jetes\/"},"modified":"2021-08-17T16:18:02","modified_gmt":"2021-08-17T20:18:02","slug":"can-2021-les-des-sont-jetes","status":"publish","type":"post","link":"https:\/\/linitiative.ca\/International\/can-2021-les-des-sont-jetes\/","title":{"rendered":"Can 2021 : les d\u00e9s sont jet\u00e9s"},"content":{"rendered":"<div>\n<p><img loading=\"lazy\" decoding=\"async\" width=\"1122\" height=\"718\" src=\"https:\/\/linitiative.ca\/International\/wp-content\/uploads\/sites\/23\/2021\/08\/16292314839060.jpg\" class=\"attachment-post-thumbnail size-post-thumbnail wp-post-image\" alt=\"\" srcset=\"https:\/\/linitiative.ca\/International\/wp-content\/uploads\/sites\/23\/2021\/08\/16292314839060.jpg 1122w, https:\/\/www.journalducameroun.com\/wp-content\/uploads\/2021\/08\/16292314839060-300x192.jpg 300w, https:\/\/www.journalducameroun.com\/wp-content\/uploads\/2021\/08\/16292314839060-768x491.jpg 768w, https:\/\/www.journalducameroun.com\/wp-content\/uploads\/2021\/08\/16292314839060-1024x655.jpg 1024w, https:\/\/www.journalducameroun.com\/wp-content\/uploads\/2021\/08\/16292314839060-688x440.jpg 688w, https:\/\/www.journalducameroun.com\/wp-content\/uploads\/2021\/08\/16292314839060-600x384.jpg 600w\" sizes=\"auto, (max-width: 1122px) 100vw, 1122px\"><\/p>\n<p>La Conf\u00e9d\u00e9ration africaine de football (Caf) a proc\u00e9d\u00e9, ce mardi 17 ao\u00fbt au Palais des congr\u00e8s de Yaound\u00e9 (Cameroun), au tirage au sort de la prochaine Coupe d&rsquo;Afrique des nations.Le Cameroun a mis les petits plats dans les grands avec une c\u00e9r\u00e9monie riche en sons et couleurs. Cinquante ans apr\u00e8s la Can 1972 jou\u00e9e sur ses terres, le pays de Roger Milla ou encore Samuel Eto&rsquo;o accueille, du 9 janvier au 6 f\u00e9vrier 2022, la grand-messe du football continental.<\/p>\n<p>Log\u00e9s dans la poule A, les Lions indomptables, quintuples vainqueurs du tournoi, seront oppos\u00e9s au Burkina Faso lors du match d&rsquo;ouverture. Six stades seront utilis\u00e9s pour les 52 matchs de la comp\u00e9tition : Japoma (Douala), Ahmadou Ahidjo et Olemb\u00e9 (Yaound\u00e9), Kouekong (Bafoussam), Roumdji\u00e9-Adja (Garoua) et Limbe Omnisport Stadium (Limb\u00e9-Bu\u00e9a).<\/p>\n<p>L&rsquo;Alg\u00e9rie, championne en titre, figure dans le groupe E en compagnie de la Sierra Leone, de la Guin\u00e9e \u00e9quatoriale et de la C\u00f4te d&rsquo;Ivoire. Tandis que le S\u00e9n\u00e9gal, finaliste malheureux, h\u00e9rite du Zimbabwe, de la Guin\u00e9e et du Malawi. \u00a0<\/p>\n<p>Composition des groupes :<\/p>\n<p>Groupe A : Cameroun, Burkina Faso, Ethiopie et Cabo Verde.<\/p>\n<p>Groupe B : S\u00e9n\u00e9gal, Zimbabwe, Guin\u00e9e et Malawi.<\/p>\n<p>Groupe C : Maroc, Ghana, Comores et Gabon.<\/p>\n<p>Groupe D : Nigeria, Egypte, Soudan et Guin\u00e9e Bissau.<\/p>\n<p>Groupe E : Alg\u00e9rie, Sierra Leone, Guin\u00e9e \u00e9quatoriale et C\u00f4te d&rsquo;Ivoire.<\/p>\n<p>Groupe F : Tunisie, Mali, Mauritanie et Gambie.<\/p>\n<p>Cet article <a rel=\"nofollow\" href=\"https:\/\/www.journalducameroun.com\/can-2021-les-des-sont-jetes\/\">Can 2021 : les d\u00e9s sont jet\u00e9s<\/a> est apparu en premier sur <a rel=\"nofollow\" href=\"https:\/\/www.journalducameroun.com\/\">Journal du Cameroun<\/a>.<\/p>\n<\/div>\n<p>Auteur: APA News<br \/>\n<a href=\"https:\/\/www.journalducameroun.com\/can-2021-les-des-sont-jetes\/\">Cliquez ici pour lire l&rsquo;article depuis sa source.<\/a><\/p>\n","protected":false},"excerpt":{"rendered":"<p>La Conf\u00e9d\u00e9ration africaine de football (Caf) a proc\u00e9d\u00e9, ce mardi 17 ao\u00fbt au Palais des congr\u00e8s de Yaound\u00e9 (Cameroun), au tirage au sort de la prochaine Coupe d&rsquo;Afrique des nations.Le Cameroun a mis les petits plats dans les grands avec une c\u00e9r\u00e9monie riche en sons et couleurs. Cinquante ans apr\u00e8s la Can 1972 jou\u00e9e sur [&hellip;]<\/p>\n","protected":false},"author":1965,"featured_media":0,"comment_status":"closed","ping_status":"closed","sticky":false,"template":"","format":"standard","meta":{"fifu_image_url":"https:\/\/www.journalducameroun.com\/wp-content\/uploads\/2021\/08\/16292314839060.jpg","fifu_image_alt":"Can 2021 : les d\u00e9s sont jet\u00e9s","footnotes":""},"categories":[73,82],"tags":[],"class_list":["post-124426","post","type-post","status-publish","format-standard","hentry","category-actualite","category-cameroun"],"_links":{"self":[{"href":"https:\/\/linitiative.ca\/International\/wp-json\/wp\/v2\/posts\/124426","targetHints":{"allow":["GET"]}}],"collection":[{"href":"https:\/\/linitiative.ca\/International\/wp-json\/wp\/v2\/posts"}],"about":[{"href":"https:\/\/linitiative.ca\/International\/wp-json\/wp\/v2\/types\/post"}],"author":[{"embeddable":true,"href":"https:\/\/linitiative.ca\/International\/wp-json\/wp\/v2\/users\/1965"}],"replies":[{"embeddable":true,"href":"https:\/\/linitiative.ca\/International\/wp-json\/wp\/v2\/comments?post=124426"}],"version-history":[{"count":0,"href":"https:\/\/linitiative.ca\/International\/wp-json\/wp\/v2\/posts\/124426\/revisions"}],"wp:attachment":[{"href":"https:\/\/linitiative.ca\/International\/wp-json\/wp\/v2\/media?parent=124426"}],"wp:term":[{"taxonomy":"category","embeddable":true,"href":"https:\/\/linitiative.ca\/International\/wp-json\/wp\/v2\/categories?post=124426"},{"taxonomy":"post_tag","embeddable":true,"href":"https:\/\/linitiative.ca\/International\/wp-json\/wp\/v2\/tags?post=124426"}],"curies":[{"name":"wp","href":"https:\/\/api.w.org\/{rel}","templated":true}]}}