{"id":124435,"date":"2021-08-18T06:53:28","date_gmt":"2021-08-18T10:53:28","guid":{"rendered":"https:\/\/linitiative.ca\/International\/rabat-sale-kenitra-lelection-du-president-de-la-ccis-reportee-faute-de-quorum\/"},"modified":"2021-08-18T06:53:28","modified_gmt":"2021-08-18T10:53:28","slug":"rabat-sale-kenitra-lelection-du-president-de-la-ccis-reportee-faute-de-quorum","status":"publish","type":"post","link":"https:\/\/linitiative.ca\/International\/rabat-sale-kenitra-lelection-du-president-de-la-ccis-reportee-faute-de-quorum\/","title":{"rendered":"Rabat-Sal\u00e9-K\u00e9nitra: L\u2019\u00e9lection du pr\u00e9sident de la CCIS report\u00e9e faute de quorum"},"content":{"rendered":"<div>\n<p><img decoding=\"async\" width=\"300\" height=\"153\" src=\"https:\/\/linitiative.ca\/International\/wp-content\/uploads\/sites\/23\/2021\/08\/Rabat-Sale-Kenitra-Lelection-du-president-300x153-1.jpg\" class=\"attachment-medium size-medium wp-post-image\" alt=\"\" loading=\"lazy\" srcset=\"\/\/aujourdhui.ma\/wp-content\/uploads\/2021\/08\/Rabat-Sale-Kenitra-Lelection-du-president-300x153.jpg 300w, \/\/aujourdhui.ma\/wp-content\/uploads\/2021\/08\/Rabat-Sale-Kenitra-Lelection-du-president-274x140.jpg 274w, \/\/aujourdhui.ma\/wp-content\/uploads\/2021\/08\/Rabat-Sale-Kenitra-Lelection-du-president.jpg 746w, \/\/aujourdhui.ma\/wp-content\/uploads\/2021\/08\/Rabat-Sale-Kenitra-Lelection-du-president-165x84.jpg 165w, \/\/aujourdhui.ma\/wp-content\/uploads\/2021\/08\/Rabat-Sale-Kenitra-Lelection-du-president-702x358.jpg 702w\" sizes=\"auto, (max-width: 300px) 100vw, 300px\"><\/p>\n<p><strong>L\u2019\u00e9lection du nouveau pr\u00e9sident de la Chambre de commerce, d\u2019industrie et de services (CCIS) de la r\u00e9gion de Rabat-Sal\u00e9-K\u00e9nitra a \u00e9t\u00e9 report\u00e9e, faute de quorum.<\/strong> <span id=\"more-384343\"><\/span>S\u2019agissant de la Chambre de l\u2019artisanat au niveau de la r\u00e9gion, Abderrahim Zemzami, du Rassemblement national des ind\u00e9pendants (RNI), a \u00e9t\u00e9 r\u00e9\u00e9lu pour un nouveau mandat en tant que pr\u00e9sident. A l\u2019issue des \u00e9lections des Chambres professionnelles, tenues le 6 ao\u00fbt, le RNI \u00e9tait arriv\u00e9 en premi\u00e8re position \u00e0 l\u2019\u00e9chelle de la r\u00e9gion, avec un total de 68 si\u00e8ges. Le parti de la colombe avait devanc\u00e9 le parti de l\u2019Istiqlal, qui a remport\u00e9 43 si\u00e8ges et le parti Authenticit\u00e9 et modernit\u00e9 (PAM \u2013 42 si\u00e8ges).<\/p>\n<\/div>\n<p>Auteur: ALM<br \/>\n<a href=\"https:\/\/aujourdhui.ma\/actualite\/rabat-sale-kenitra-lelection-du-president-de-la-ccis-reportee-faute-de-quorum\">Cliquez ici pour lire l&rsquo;article depuis sa source.<\/a><\/p>\n","protected":false},"excerpt":{"rendered":"<p>L\u2019\u00e9lection du nouveau pr\u00e9sident de la Chambre de commerce, d\u2019industrie et de services (CCIS) de la r\u00e9gion de Rabat-Sal\u00e9-K\u00e9nitra a \u00e9t\u00e9 report\u00e9e, faute de quorum. S\u2019agissant de la Chambre de l\u2019artisanat au niveau de la r\u00e9gion, Abderrahim Zemzami, du Rassemblement national des ind\u00e9pendants (RNI), a \u00e9t\u00e9 r\u00e9\u00e9lu pour un nouveau mandat en tant que pr\u00e9sident. [&hellip;]<\/p>\n","protected":false},"author":1759,"featured_media":0,"comment_status":"closed","ping_status":"closed","sticky":false,"template":"","format":"standard","meta":{"fifu_image_url":"https:\/\/aujourdhui.ma\/wp-content\/uploads\/2021\/08\/Rabat-Sale-Kenitra-Lelection-du-president-300x153.jpg","fifu_image_alt":"Rabat-Sal\u00e9-K\u00e9nitra: L\u2019\u00e9lection du pr\u00e9sident de la CCIS report\u00e9e faute de quorum","footnotes":""},"categories":[73,54],"tags":[],"class_list":["post-124435","post","type-post","status-publish","format-standard","hentry","category-actualite","category-maroc"],"_links":{"self":[{"href":"https:\/\/linitiative.ca\/International\/wp-json\/wp\/v2\/posts\/124435","targetHints":{"allow":["GET"]}}],"collection":[{"href":"https:\/\/linitiative.ca\/International\/wp-json\/wp\/v2\/posts"}],"about":[{"href":"https:\/\/linitiative.ca\/International\/wp-json\/wp\/v2\/types\/post"}],"author":[{"embeddable":true,"href":"https:\/\/linitiative.ca\/International\/wp-json\/wp\/v2\/users\/1759"}],"replies":[{"embeddable":true,"href":"https:\/\/linitiative.ca\/International\/wp-json\/wp\/v2\/comments?post=124435"}],"version-history":[{"count":0,"href":"https:\/\/linitiative.ca\/International\/wp-json\/wp\/v2\/posts\/124435\/revisions"}],"wp:attachment":[{"href":"https:\/\/linitiative.ca\/International\/wp-json\/wp\/v2\/media?parent=124435"}],"wp:term":[{"taxonomy":"category","embeddable":true,"href":"https:\/\/linitiative.ca\/International\/wp-json\/wp\/v2\/categories?post=124435"},{"taxonomy":"post_tag","embeddable":true,"href":"https:\/\/linitiative.ca\/International\/wp-json\/wp\/v2\/tags?post=124435"}],"curies":[{"name":"wp","href":"https:\/\/api.w.org\/{rel}","templated":true}]}}