{"id":124439,"date":"2021-08-18T07:25:59","date_gmt":"2021-08-18T11:25:59","guid":{"rendered":"https:\/\/linitiative.ca\/International\/gestion-des-marchandises-en-souffrance-au-port-de-casablanca-lapram-et-adii-lancent-une-nouvelle-procedure\/"},"modified":"2021-08-18T07:25:59","modified_gmt":"2021-08-18T11:25:59","slug":"gestion-des-marchandises-en-souffrance-au-port-de-casablanca-lapram-et-adii-lancent-une-nouvelle-procedure","status":"publish","type":"post","link":"https:\/\/linitiative.ca\/International\/gestion-des-marchandises-en-souffrance-au-port-de-casablanca-lapram-et-adii-lancent-une-nouvelle-procedure\/","title":{"rendered":"Gestion des marchandises en souffrance au port de Casablanca : L\u2019APRAM et ADII lancent une nouvelle proc\u00e9dure"},"content":{"rendered":"<div>\n<p><img decoding=\"async\" width=\"300\" height=\"153\" src=\"https:\/\/linitiative.ca\/International\/wp-content\/uploads\/sites\/23\/2021\/08\/Export-ANP-port-de-Casablanca-Cereales-300x153-1.jpg\" class=\"attachment-medium size-medium wp-post-image\" alt=\"\" loading=\"lazy\" srcset=\"\/\/aujourdhui.ma\/wp-content\/uploads\/2020\/05\/Export-ANP-port-de-Casablanca-Cereales-300x153.jpg 300w, \/\/aujourdhui.ma\/wp-content\/uploads\/2020\/05\/Export-ANP-port-de-Casablanca-Cereales-274x140.jpg 274w, \/\/aujourdhui.ma\/wp-content\/uploads\/2020\/05\/Export-ANP-port-de-Casablanca-Cereales.jpg 746w, \/\/aujourdhui.ma\/wp-content\/uploads\/2020\/05\/Export-ANP-port-de-Casablanca-Cereales-165x84.jpg 165w, \/\/aujourdhui.ma\/wp-content\/uploads\/2020\/05\/Export-ANP-port-de-Casablanca-Cereales-702x358.jpg 702w\" sizes=\"auto, (max-width: 300px) 100vw, 300px\"><\/p>\n<p><span style=\"font-size: 20px; color: #800000;\"><strong>Une nouvelle proc\u00e9dure de gestion des marchandises en souffrance a \u00e9t\u00e9 instaur\u00e9e r\u00e9cemment au port de Casablanca.<\/strong> <\/span><span id=\"more-384305\"><\/span><\/p>\n<p>C\u2019est ce qu\u2019indique l\u2019Association professionnelle des agents maritimes, consignataires de navires et courtiers d\u2019affr\u00e8tement du Maroc (APRAM) dans son dernier communiqu\u00e9. L\u2019Association indique que cette proc\u00e9dure, qui sera dans une seconde phase g\u00e9n\u00e9ralis\u00e9e aux autres ports du Royaume, apporte une solution p\u00e9renne et proactive \u00e0 la probl\u00e9matique et permet de traiter les marchandises en souffrance dans des d\u00e9lais pr\u00e9cis et convenus.\u00ab Fruit du travail d\u2019une \u00e9quipe, qui a \u00e9t\u00e9 d\u00e9sign\u00e9e pour r\u00e9fl\u00e9chir et concevoir les process optimaux permettant d\u2019am\u00e9liorer de mani\u00e8re significative la gestion des marchandises en souffrance, cette proc\u00e9dure permet ainsi de r\u00e9duire consid\u00e9rablement le d\u00e9lai de s\u00e9jour de ces marchandises dans l\u2019enceinte portuaire\u00bb, indique l\u2019APRAM. Et de pr\u00e9ciser que \u00ab le travail de cette \u00e9quipe a \u00e9t\u00e9 valid\u00e9 par Nabyl Lakhdar Directeur g\u00e9n\u00e9ral de l\u2019ADII, et Aziz Mantrach Pr\u00e9sident de l\u2019APRAM \u00bb.<\/p>\n<p>L\u2019APRAM indique par ailleurs que la r\u00e9ussite de cette initiative repose sur l\u2019adh\u00e9sion inconditionnelle de l\u2019ensemble des intervenants portuaires publics et priv\u00e9s.Notons que dans le cadre du partenariat Douane-APRAM, les deux institutions ont cr\u00e9\u00e9 un espace de r\u00e9flexion qui vise \u00e0 proposer des solutions aux probl\u00e9matiques et attentes de tous les op\u00e9rateurs. Les marchandises en souffrance sont des marchandises diverses et g\u00e9n\u00e9ralement conteneuris\u00e9es abandonn\u00e9es au port par les r\u00e9ceptionnaires.<\/p>\n<p>Elles ont constitu\u00e9 et continuent de constituer une probl\u00e9matique r\u00e9currente pour toute la communaut\u00e9 portuaire dans la mesure o\u00f9 elles nuisent \u00e0 la s\u00e9curit\u00e9 du port, \u00e0 l\u2019optimisation de ses espaces et \u00e0 son image, g\u00e9n\u00e8rent des frais on\u00e9reux de magasinage et de surestaries et impactent n\u00e9gativement les taux de fret pour les importations marocaines.<\/p>\n<\/div>\n<p>Auteur: ALM<br \/>\n<a href=\"https:\/\/aujourdhui.ma\/economie\/gestion-des-marchandises-en-souffrance-au-port-de-casablanca-lapram-et-adii-lancent-une-nouvelle-procedure\">Cliquez ici pour lire l&rsquo;article depuis sa source.<\/a><\/p>\n","protected":false},"excerpt":{"rendered":"<p>Une nouvelle proc\u00e9dure de gestion des marchandises en souffrance a \u00e9t\u00e9 instaur\u00e9e r\u00e9cemment au port de Casablanca. C\u2019est ce qu\u2019indique l\u2019Association professionnelle des agents maritimes, consignataires de navires et courtiers d\u2019affr\u00e8tement du Maroc (APRAM) dans son dernier communiqu\u00e9. L\u2019Association indique que cette proc\u00e9dure, qui sera dans une seconde phase g\u00e9n\u00e9ralis\u00e9e aux autres ports du Royaume, [&hellip;]<\/p>\n","protected":false},"author":1759,"featured_media":0,"comment_status":"closed","ping_status":"closed","sticky":false,"template":"","format":"standard","meta":{"fifu_image_url":"https:\/\/aujourdhui.ma\/wp-content\/uploads\/2020\/05\/Export-ANP-port-de-Casablanca-Cereales-300x153.jpg","fifu_image_alt":"Gestion des marchandises en souffrance au port de Casablanca : L\u2019APRAM et ADII lancent une nouvelle proc\u00e9dure","footnotes":""},"categories":[73,54],"tags":[],"class_list":["post-124439","post","type-post","status-publish","format-standard","hentry","category-actualite","category-maroc"],"_links":{"self":[{"href":"https:\/\/linitiative.ca\/International\/wp-json\/wp\/v2\/posts\/124439","targetHints":{"allow":["GET"]}}],"collection":[{"href":"https:\/\/linitiative.ca\/International\/wp-json\/wp\/v2\/posts"}],"about":[{"href":"https:\/\/linitiative.ca\/International\/wp-json\/wp\/v2\/types\/post"}],"author":[{"embeddable":true,"href":"https:\/\/linitiative.ca\/International\/wp-json\/wp\/v2\/users\/1759"}],"replies":[{"embeddable":true,"href":"https:\/\/linitiative.ca\/International\/wp-json\/wp\/v2\/comments?post=124439"}],"version-history":[{"count":0,"href":"https:\/\/linitiative.ca\/International\/wp-json\/wp\/v2\/posts\/124439\/revisions"}],"wp:attachment":[{"href":"https:\/\/linitiative.ca\/International\/wp-json\/wp\/v2\/media?parent=124439"}],"wp:term":[{"taxonomy":"category","embeddable":true,"href":"https:\/\/linitiative.ca\/International\/wp-json\/wp\/v2\/categories?post=124439"},{"taxonomy":"post_tag","embeddable":true,"href":"https:\/\/linitiative.ca\/International\/wp-json\/wp\/v2\/tags?post=124439"}],"curies":[{"name":"wp","href":"https:\/\/api.w.org\/{rel}","templated":true}]}}