{"id":124444,"date":"2021-08-17T14:00:00","date_gmt":"2021-08-17T18:00:00","guid":{"rendered":"https:\/\/linitiative.ca\/International\/la-jeunesse-souirie-fortement-mobilisee-pour-la-sensibilisation-aux-risques-de-la-covid-19\/"},"modified":"2021-08-17T14:00:00","modified_gmt":"2021-08-17T18:00:00","slug":"la-jeunesse-souirie-fortement-mobilisee-pour-la-sensibilisation-aux-risques-de-la-covid-19","status":"publish","type":"post","link":"https:\/\/linitiative.ca\/International\/la-jeunesse-souirie-fortement-mobilisee-pour-la-sensibilisation-aux-risques-de-la-covid-19\/","title":{"rendered":"La jeunesse Souirie fortement mobilis\u00e9e pour la sensibilisation aux risques de la Covid-19"},"content":{"rendered":"<div>\n<p class=\"has-text-align-center has-vivid-red-color has-text-color\"><strong>Face au rel\u00e2chement<\/strong><\/p>\n<p class=\"has-text-align-right has-black-color has-text-color\">Par : Mohamed KOURSI (MAP)<\/p>\n<p class=\"has-black-color has-text-color\"><strong>Soucieux de contribuer \u00e0 l\u2019\u00e9lan de mobilisation g\u00e9n\u00e9rale pour la conscientisation aux risques de la propagation de la Covid-19, surtout face au rel\u00e2chement observ\u00e9 r\u00e9cemment chez certains citoyens, engendrant une hausse pr\u00e9occupante des cas d\u2019infection, de jeunes acteurs associatifs Souiris ont d\u00e9cid\u00e9 de ne pas rester de simples \u00ab\u00a0spectateurs\u00a0\u00bb et de passer de nouveau \u00e0 l\u2019action pour mener, le weekend dernier, une op\u00e9ration de sensibilisation, avec \u00e0 la cl\u00e9 un slogan des plus mobilisateurs : \u00ab\u00a0Mlekah wella mamlekahch : masqu\u00e9s kter men ay wakt !\u00a0\u00bb (Vaccin\u00e9s, non vaccin\u00e9s : Masqu\u00e9s comme jamais !).<\/strong><\/p>\n<p class=\"has-black-color has-text-color\">Au front depuis le d\u00e9clenchement de la pand\u00e9mie \u00e0 travers une s\u00e9rie d\u2019initiatives et d\u2019op\u00e9rations solidaires, des membres des Associations \u00ab\u00a0Moga\u2019Jeunes\u00a0\u00bb et \u00ab\u00a0Moga MoujaSurf\u00a0\u00bb ont de nouveau fait montre de leur engagement infaillible d\u2019apporter leur pierre au combat sans rel\u00e2che men\u00e9 par les autorit\u00e9s comp\u00e9tentes face \u00e0 cet ennemi invisible, en adh\u00e9rant spontan\u00e9ment \u00e0 une nouvelle action de sensibilisation lanc\u00e9e, en collaboration avec l\u2019Association \u00ab\u00a0Marocains Pluriels\u00a0\u00bb, dans diff\u00e9rentes villes du Royaume (Rabat, F\u00e8s, Casablanca, Marrakech, Safi, Sidi Kacem, Essaouira,\u2026).<\/p>\n<p class=\"has-black-color has-text-color\">A l\u2019instar de leurs compatriotes dans d\u2019autres villes et r\u00e9gions du Royaume, ces jeunes militants Souiris, fortement engag\u00e9s et mobilis\u00e9s dans cette conjoncture si exceptionnelle, afin de contribuer \u00e0 cette bataille collective contre le nouveau coronavirus, ont ainsi investi plusieurs endroits dans la cit\u00e9 des Aliz\u00e9s, notamment la plage tr\u00e8s pris\u00e9e en cette p\u00e9riode estivale, pour stimuler la prise de conscience de la population locale et ce, en proc\u00e9dant \u00e0 la distribution de masques et de flyers ainsi qu\u2019au collage de stickers portant le slogan fort de cette op\u00e9ration citoyenne.<\/p>\n<p class=\"has-black-color has-text-color\">A travers cette initiative, ils ont veill\u00e9 \u00e0 faire passer leur message primordial inh\u00e9rent \u00e0 l\u2019obligation du respect des mesures pr\u00e9ventives en vigueur pour inverser la tendance haussi\u00e8re des cas positifs enregistr\u00e9s r\u00e9cemment.<br \/>En pr\u00eatant spontan\u00e9ment main forte aux efforts inlassables d\u00e9ploy\u00e9s par les services comp\u00e9tents, tous corps confondus, pour endiguer la propagation de la pand\u00e9mie, ces jeunes Souiris donnent, en effet, l\u2019exemple et font preuve, une fois de plus \u00e0 travers cette \u00e9ni\u00e8me initiative, de leur engagement inconditionnel pour contribuer \u00e0 toute op\u00e9ration ou action, \u00e0 m\u00eame de renforcer la riposte face \u00e0 cette crise sanitaire \u00e0 l\u2019\u00e9chelle locale et nationale.<\/p>\n<p class=\"has-black-color has-text-color\">Pour le pr\u00e9sident de l\u2019Association \u00ab\u00a0Moga\u2019Jeunes\u00a0\u00bb, Otmane Mazzine, cette op\u00e9ration s\u2019inscrit dans le cadre des diff\u00e9rentes actions civiques de conscientisation et de sensibilisation, men\u00e9es depuis le d\u00e9clenchement de cette crise sanitaire au niveau de la ville d\u2019Essaouira et \u00e0 l\u2019\u00e9chelle nationale, le but ultime \u00e9tant de constituer un front citoyen et civil solide \u00e0 l\u2019\u00e9chelle locale pour contribuer \u00e0 la lutte contre la pand\u00e9mie qui a boulevers\u00e9 le quotidien de tout un chacun.<\/p>\n<p class=\"has-black-color has-text-color\">L\u2019op\u00e9ration \u00ab\u00a0masqu\u00e9s comme jamais\u00a0\u00bb ambitionne de renforcer la prise de conscience collective des Souiris quant \u00e0 l\u2019imp\u00e9ratif du respect rigoureux des mesures de pr\u00e9vention, notamment le port obligatoire du masque de protection et le respect de la distanciation physique, a-t-il expliqu\u00e9 dans une d\u00e9claration \u00e0 la MAP.<\/p>\n<p class=\"has-black-color has-text-color\">De son c\u00f4t\u00e9, le pr\u00e9sident de l\u2019association \u00ab\u00a0Marocains Pluriels\u00a0\u00bb, Ahmed Ghayat, a indiqu\u00e9 que les jeunes de \u00ab\u00a0Moga\u2019Jeunes\u00a0\u00bb et de \u00ab\u00a0Moga MoujaSurf\u00a0\u00bb sont l\u2019exemple \u00e9loquent de cette jeunesse qui s\u2019implique dans le mouvement associatif de terrain.<\/p>\n<p class=\"has-black-color has-text-color\">\u00ab\u00a0Ils y trouvent le moyen de s\u2019exprimer, de s\u2019\u00e9panouir et de se rendre utiles \u00e0 l\u2019ensemble de notre soci\u00e9t\u00e9\u00a0\u00bb, s\u2019est-il f\u00e9licit\u00e9, soulignant que \u00ab\u00a0lorsqu\u2019ils s\u2019engagent, ils le font avec tout leur enthousiasme et c\u2019est toute leur vie qui en est chang\u00e9e\u00a0\u00bb.<\/p>\n<p class=\"has-black-color has-text-color\">Et d\u2019encha\u00eener que ces jeunes \u00ab\u00a0sont au front tout particuli\u00e8rement depuis le d\u00e9but de la pand\u00e9mie, et l\u00e0 en ce mois d\u2019ao\u00fbt, nous avons tous ensemble ressenti la n\u00e9cessit\u00e9 de multiplier les actions de sensibilisation, car la situation se d\u00e9grade\u00a0\u00bb.<\/p>\n<p class=\"has-black-color has-text-color\">C\u2019est pourquoi, a poursuivi M. Ghayat, \u00ab\u00a0nous multiplions les activit\u00e9s dans trois directions : l\u2019incitation \u00e0 la vaccination, la distribution de masques de protection et la campagne de flyers sur le terrain et de slogans accompagn\u00e9s de visuels sur les r\u00e9seaux sociaux\u00a0\u00bb.<\/p>\n<p class=\"has-black-color has-text-color\">\u00ab\u00a0A Casablanca, F\u00e8s, Rabat, Oujda, Marrakech, Essaouira, Safi, Sidi Kacem\u2026 c\u2019est toute une g\u00e9n\u00e9ration qui tente de prot\u00e9ger la jeunesse et l\u2019ensemble de la soci\u00e9t\u00e9\u00a0\u00bb, a-t-il conclu.<\/p>\n<p>L\u2019article <a rel=\"nofollow\" href=\"http:\/\/albayane.press.ma\/la-jeunesse-souirie-fortement-mobilisee-pour-la-sensibilisation-aux-risques-de-la-covid-19.html\">La jeunesse Souirie fortement mobilis\u00e9e pour la sensibilisation aux risques de la Covid-19<\/a> est apparu en premier sur <a rel=\"nofollow\" href=\"http:\/\/albayane.press.ma\/\">ALBAYANE<\/a>.<\/p>\n<\/div>\n<p>Auteur: M&rsquo;hammed rahal<br \/>\n<a href=\"http:\/\/albayane.press.ma\/la-jeunesse-souirie-fortement-mobilisee-pour-la-sensibilisation-aux-risques-de-la-covid-19.html\">Cliquez ici pour lire l&rsquo;article depuis sa source.<\/a><\/p>\n","protected":false},"excerpt":{"rendered":"<p>Face au rel\u00e2chement Par : Mohamed KOURSI (MAP) Soucieux de contribuer \u00e0 l\u2019\u00e9lan de mobilisation g\u00e9n\u00e9rale pour la conscientisation aux risques de la propagation de la Covid-19, surtout face au rel\u00e2chement observ\u00e9 r\u00e9cemment chez certains citoyens, engendrant une hausse pr\u00e9occupante des cas d\u2019infection, de jeunes acteurs associatifs Souiris ont d\u00e9cid\u00e9 de ne pas rester de [&hellip;]<\/p>\n","protected":false},"author":1760,"featured_media":0,"comment_status":"closed","ping_status":"closed","sticky":false,"template":"","format":"standard","meta":{"fifu_image_url":"","fifu_image_alt":"","footnotes":""},"categories":[73,54],"tags":[],"class_list":["post-124444","post","type-post","status-publish","format-standard","hentry","category-actualite","category-maroc"],"_links":{"self":[{"href":"https:\/\/linitiative.ca\/International\/wp-json\/wp\/v2\/posts\/124444","targetHints":{"allow":["GET"]}}],"collection":[{"href":"https:\/\/linitiative.ca\/International\/wp-json\/wp\/v2\/posts"}],"about":[{"href":"https:\/\/linitiative.ca\/International\/wp-json\/wp\/v2\/types\/post"}],"author":[{"embeddable":true,"href":"https:\/\/linitiative.ca\/International\/wp-json\/wp\/v2\/users\/1760"}],"replies":[{"embeddable":true,"href":"https:\/\/linitiative.ca\/International\/wp-json\/wp\/v2\/comments?post=124444"}],"version-history":[{"count":0,"href":"https:\/\/linitiative.ca\/International\/wp-json\/wp\/v2\/posts\/124444\/revisions"}],"wp:attachment":[{"href":"https:\/\/linitiative.ca\/International\/wp-json\/wp\/v2\/media?parent=124444"}],"wp:term":[{"taxonomy":"category","embeddable":true,"href":"https:\/\/linitiative.ca\/International\/wp-json\/wp\/v2\/categories?post=124444"},{"taxonomy":"post_tag","embeddable":true,"href":"https:\/\/linitiative.ca\/International\/wp-json\/wp\/v2\/tags?post=124444"}],"curies":[{"name":"wp","href":"https:\/\/api.w.org\/{rel}","templated":true}]}}