{"id":124445,"date":"2021-08-17T14:00:00","date_gmt":"2021-08-17T18:00:00","guid":{"rendered":"https:\/\/linitiative.ca\/International\/a-tokyo-des-jeux-paralympiques-a-huis-clos\/"},"modified":"2021-08-17T14:00:00","modified_gmt":"2021-08-17T18:00:00","slug":"a-tokyo-des-jeux-paralympiques-a-huis-clos","status":"publish","type":"post","link":"https:\/\/linitiative.ca\/International\/a-tokyo-des-jeux-paralympiques-a-huis-clos\/","title":{"rendered":"A Tokyo, des Jeux paralympiques \u00e0 huis clos"},"content":{"rendered":"<div>\n<p class=\"has-text-align-center has-vivid-red-color has-text-color\"><strong>Comme les JO d\u2019\u00e9t\u00e9<\/strong><\/p>\n<p class=\"has-text-align-left has-black-color has-text-color\"><strong>Comme les Jeux olympiques, les Jeux paralympiques de Tokyo se d\u00e9rouleront dans un huis clos quasi-total, a annonc\u00e9 lundi le comit\u00e9 organisateur \u00e0 huit jours de la c\u00e9r\u00e9monie d\u2019ouverture, une d\u00e9cision attendue en raison du record de cas de Covid-19 recens\u00e9s au Japon.<\/strong><\/p>\n<p class=\"has-text-align-left has-black-color has-text-color\">Face \u00e0 cette situation, \u00ab\u00a0des mesures plus strictes seront prises pour les comp\u00e9titions se d\u00e9roulant\u00a0\u00bb dans les d\u00e9partements actuellement plac\u00e9s sous \u00e9tat d\u2019urgence face \u00e0 la pand\u00e9mie, \u00ab\u00a0incluant l\u2019absence de spectateurs\u00a0\u00bb, a d\u00e9clar\u00e9 le comit\u00e9 organisateur dans un communiqu\u00e9 commun avec le Comit\u00e9 international paralympique (CIP), le gouvernement japonais et la ville de Tokyo.<\/p>\n<p class=\"has-text-align-left has-black-color has-text-color\">Cette mesure pour les Jeux paralympiques, qui doivent se tenir du 24 ao\u00fbt au 5 septembre, est similaire \u00e0 celle adopt\u00e9e pour les JO cl\u00f4tur\u00e9s le 8 ao\u00fbt, pour lesquels pr\u00e8s de 98% des \u00e9preuves se sont tenues \u00e0 huis clos, seuls des d\u00e9partements relativement \u00e9loign\u00e9s de la capitale ayant pu accueillir du public.<\/p>\n<p class=\"has-text-align-left has-black-color has-text-color\">Mais m\u00eame celui de Shizuoka (centre du Japon), th\u00e9\u00e2tre de plusieurs \u00e9preuves de cyclisme des JO en pr\u00e9sence de spectateurs, a vu sa situation sanitaire se d\u00e9grader et n\u2019accueillera pas de public pour les paralympiques.<br \/>\u00ab\u00a0Au vu de la pr\u00e9sente situation, il \u00e9tait in\u00e9vitable (d\u2019organiser les \u00e9preuves) \u00e0 huis clos\u00a0\u00bb, a d\u00e9clar\u00e9 la pr\u00e9sidente de Tokyo-2020, Seiko Hashimoto, lors d\u2019une conf\u00e9rence de presse lundi soir.<\/p>\n<p class=\"has-text-align-left has-black-color has-text-color\">Des \u00e9l\u00e8ves d\u2019\u00e9coles locales pourront cependant assister \u00e0 certaines \u00e9preuves, \u00e0 la demande des autorit\u00e9s locales ou des \u00e9tablissements, et ce dans le but d\u2019\u00e9voluer vers \u00ab\u00a0une soci\u00e9t\u00e9 plus inclusive\u00a0\u00bb.<br \/>\u00ab\u00a0Nous esp\u00e9rons pouvoir donner des r\u00eaves et des espoirs au plus grand nombre possible d\u2019enfants\u00a0\u00bb, a not\u00e9 Mme Hashimoto.<\/p>\n<p class=\"has-text-align-left has-black-color has-text-color\">\u00ab\u00a0La d\u00e9cision de ne pas avoir de spectateurs a \u00e9t\u00e9 prise par consid\u00e9ration pour les sportifs, mais aussi pour la soci\u00e9t\u00e9 japonaise\u00a0\u00bb, a d\u00e9clar\u00e9 le directeur g\u00e9n\u00e9ral de Tokyo-2020 Toshiro Muto.<\/p>\n<p class=\"has-text-align-left has-black-color has-text-color\">Selon un sondage de l\u2019agence Kyodo publi\u00e9 lundi, la population nippone, m\u00e9contente de la gestion de la crise par le gouvernement, \u00e9tait majoritairement favorable \u00e0 un huis clos pour les Jeux paralympiques, pl\u00e9biscit\u00e9 par 65% des personnes interrog\u00e9es.<\/p>\n<p class=\"has-text-align-left has-black-color has-text-color\">Le pays conna\u00eet depuis fin juin sa pire vague de coronavirus \u00e0 ce jour, sous l\u2019effet notamment du variant Delta, plus contagieux.<\/p>\n<p class=\"has-text-align-left has-black-color has-text-color\">La campagne de vaccination, qui a d\u00e9but\u00e9 tr\u00e8s tardivement dans le pays, a acc\u00e9l\u00e9r\u00e9 ces derni\u00e8res semaines, mais 37% seulement de la population japonaise est totalement vaccin\u00e9e \u00e0 ce jour, le taux le plus bas parmi les pays industrialis\u00e9s du G7.<\/p>\n<p class=\"has-text-align-left has-black-color has-text-color\">Face \u00e0 l\u2019aggravation de la situation sanitaire avant les JO, le gouvernement japonais avait remis en place mi-juillet un dispositif d\u2019\u00e9tat d\u2019urgence sur une partie du pays dont sa capitale, pour la quatri\u00e8me fois depuis le d\u00e9but de la pand\u00e9mie.<\/p>\n<p class=\"has-text-align-left has-black-color has-text-color\">Cette mesure permet aux autorit\u00e9s locales de prier la population d\u2019\u00e9viter les d\u00e9placements non essentiels et de demander aux bars et restaurants de fermer \u00e0 20h et de ne pas servir d\u2019alcool.<\/p>\n<p class=\"has-text-align-left has-black-color has-text-color\">Mais le dispositif, qui devrait \u00eatre prolong\u00e9 mardi jusqu\u2019\u00e0 mi-septembre et \u00e9tendu g\u00e9ographiquement, para\u00eet de moins en moins efficace: les cas quotidiens de Covid-19 ne cessent d\u2019augmenter et ont d\u00e9pass\u00e9 pour la premi\u00e8re fois la barre des 20.000 au niveau national vendredi et samedi.<\/p>\n<p class=\"has-text-align-left has-black-color has-text-color\">Ils ont atteint un nombre record \u00e9galement vendredi \u00e0 Tokyo, o\u00f9 ils ont quadrupl\u00e9 en trois semaines.<br \/>Le comit\u00e9 d\u2019organisation des Jeux assure cependant que cette vague d\u2019infections, qui a commenc\u00e9 plusieurs semaines avant les JO, n\u2019est pas li\u00e9e \u00e0 l\u2019\u00e9v\u00e9nement.<\/p>\n<p class=\"has-text-align-left has-black-color has-text-color\">A ce jour, quelque 540 cas de Covid-19 ont \u00e9t\u00e9 recens\u00e9s au Japon parmi les personnes impliqu\u00e9es dans les JO (sportifs, organisateurs et m\u00e9dias), dont la plupart chez des employ\u00e9s bas\u00e9s au Japon.<br \/>Trois autres personnes, membres des m\u00e9dias, ont \u00e9t\u00e9 test\u00e9es positives au Covid-19 dans les deux semaines apr\u00e8s leur d\u00e9part du Japon, selon les organisateurs.<\/p>\n<p class=\"has-text-align-left has-black-color has-text-color\">Par ailleurs, 31 personnes li\u00e9es aux Jeux paralympiques ont \u00e9t\u00e9 test\u00e9es positives jusque-l\u00e0 et d\u2019autres cas ont \u00e9t\u00e9 signal\u00e9s parmi les \u00e9quipes d\u00e9j\u00e0 arriv\u00e9es dans l\u2019archipel pour s\u2019entra\u00eener avant les Jeux.<\/p>\n<p class=\"has-text-align-left has-black-color has-text-color\">Les quelque 4.400 sportifs attendus \u00e0 Tokyo pour les Jeux paralympiques devront se soumettre, comme ceux ayant particip\u00e9 aux JO, \u00e0 des mesures draconiennes, avec des tests quotidiens au Covid-19 et des restrictions de mouvement.<\/p>\n<p>L\u2019article <a rel=\"nofollow\" href=\"http:\/\/albayane.press.ma\/a-tokyo-des-jeux-paralympiques-a-huis-clos.html\">A Tokyo, des Jeux paralympiques \u00e0 huis clos<\/a> est apparu en premier sur <a rel=\"nofollow\" href=\"http:\/\/albayane.press.ma\/\">ALBAYANE<\/a>.<\/p>\n<\/div>\n<p>Auteur: M&rsquo;hammed rahal<br \/>\n<a href=\"http:\/\/albayane.press.ma\/a-tokyo-des-jeux-paralympiques-a-huis-clos.html\">Cliquez ici pour lire l&rsquo;article depuis sa source.<\/a><\/p>\n","protected":false},"excerpt":{"rendered":"<p>Comme les JO d\u2019\u00e9t\u00e9 Comme les Jeux olympiques, les Jeux paralympiques de Tokyo se d\u00e9rouleront dans un huis clos quasi-total, a annonc\u00e9 lundi le comit\u00e9 organisateur \u00e0 huit jours de la c\u00e9r\u00e9monie d\u2019ouverture, une d\u00e9cision attendue en raison du record de cas de Covid-19 recens\u00e9s au Japon. Face \u00e0 cette situation, \u00ab\u00a0des mesures plus strictes [&hellip;]<\/p>\n","protected":false},"author":1760,"featured_media":0,"comment_status":"closed","ping_status":"closed","sticky":false,"template":"","format":"standard","meta":{"fifu_image_url":"","fifu_image_alt":"","footnotes":""},"categories":[73,54],"tags":[],"class_list":["post-124445","post","type-post","status-publish","format-standard","hentry","category-actualite","category-maroc"],"_links":{"self":[{"href":"https:\/\/linitiative.ca\/International\/wp-json\/wp\/v2\/posts\/124445","targetHints":{"allow":["GET"]}}],"collection":[{"href":"https:\/\/linitiative.ca\/International\/wp-json\/wp\/v2\/posts"}],"about":[{"href":"https:\/\/linitiative.ca\/International\/wp-json\/wp\/v2\/types\/post"}],"author":[{"embeddable":true,"href":"https:\/\/linitiative.ca\/International\/wp-json\/wp\/v2\/users\/1760"}],"replies":[{"embeddable":true,"href":"https:\/\/linitiative.ca\/International\/wp-json\/wp\/v2\/comments?post=124445"}],"version-history":[{"count":0,"href":"https:\/\/linitiative.ca\/International\/wp-json\/wp\/v2\/posts\/124445\/revisions"}],"wp:attachment":[{"href":"https:\/\/linitiative.ca\/International\/wp-json\/wp\/v2\/media?parent=124445"}],"wp:term":[{"taxonomy":"category","embeddable":true,"href":"https:\/\/linitiative.ca\/International\/wp-json\/wp\/v2\/categories?post=124445"},{"taxonomy":"post_tag","embeddable":true,"href":"https:\/\/linitiative.ca\/International\/wp-json\/wp\/v2\/tags?post=124445"}],"curies":[{"name":"wp","href":"https:\/\/api.w.org\/{rel}","templated":true}]}}