{"id":124446,"date":"2021-08-17T14:00:00","date_gmt":"2021-08-17T18:00:00","guid":{"rendered":"https:\/\/linitiative.ca\/International\/la-porte-est-fermee-pour-le-karate-et-souvre-sur-le-breaking-lescalade-et-le-surf\/"},"modified":"2021-08-17T14:00:00","modified_gmt":"2021-08-17T18:00:00","slug":"la-porte-est-fermee-pour-le-karate-et-souvre-sur-le-breaking-lescalade-et-le-surf","status":"publish","type":"post","link":"https:\/\/linitiative.ca\/International\/la-porte-est-fermee-pour-le-karate-et-souvre-sur-le-breaking-lescalade-et-le-surf\/","title":{"rendered":"\u00ab La porte est ferm\u00e9e pour le karat\u00e9 \u00bb, et s\u2019ouvre sur le breaking, l\u2019escalade et le surf"},"content":{"rendered":"<div>\n<p class=\"has-text-align-center has-vivid-red-color has-text-color\"><strong>J-O Paris-2024<\/strong><\/p>\n<p class=\"has-black-color has-text-color\"><strong>\u00ab\u00a0La porte est effectivement ferm\u00e9e pour le karat\u00e9\u00a0\u00bb, confirme le directeur des sports du CIO Kit McConnell dans un entretien \u00e0 l\u2019AFP, avan\u00e7ant la n\u00e9cessit\u00e9 de maintenir un \u00ab\u00a0\u00e9quilibre\u00a0\u00bb entre disciplines traditionnelles et celles en pleine croissance.<\/strong><\/p>\n<p class=\"has-black-color has-text-color\">Ces derniers jours, le m\u00e9daill\u00e9 d\u2019or fran\u00e7ais Steven Da Costa et la ministre d\u00e9l\u00e9gu\u00e9e charg\u00e9e des Sports Roxana Maracineanu avaient plaid\u00e9 pour que le sport de combat soit r\u00e9int\u00e9gr\u00e9 au programme des Jeux de Paris-2024, apr\u00e8s son apparition lors des JO-2020.<\/p>\n<p class=\"has-black-color has-text-color\">Le processus d\u2019attribution des disciplines \u00ab\u00a0s\u2019est fait de fa\u00e7on transparente\u00a0\u00bb et s\u2019est m\u00eame achev\u00e9 avant l\u2019olympiade tokyo\u00efte. \u00ab\u00a0Le but est de donner \u00e0 tous des certitudes le plus t\u00f4t possible, donc aucun changement n\u2019est possible depuis l\u2019an dernier\u00a0\u00bb concernant Paris, assure Kit McConnell.<\/p>\n<p class=\"has-black-color has-text-color\">Le CIO assure comprendre la frustration des passionn\u00e9s de karat\u00e9, exprim\u00e9e par Steven Da Costa, premier champion olympique de l\u2019histoire en -67 kg : \u00ab\u00a0Je me dois d\u2019aider mon sport et de me battre pour quelque chose que je trouve juste\u00a0\u00bb, affirmait-il jeudi \u00e0 l\u2019AFP.<\/p>\n<p class=\"has-black-color has-text-color\">Mais la messe semble dite depuis f\u00e9vrier 2019, quand les organisateurs des Jeux de Paris ont propos\u00e9 quatre nouveaux sports, mais pas le karat\u00e9.<br \/>\u00ab\u00a0A l\u2019issue de ce processus (de s\u00e9lection, NDLR), quatre sports additionnels, le breaking, l\u2019escalade, le skateboard et le surf, ont \u00e9t\u00e9 s\u00e9lectionn\u00e9s en f\u00e9vrier 2019 par Paris-2024 pour proposition au CIO\u00a0\u00bb, ont confirm\u00e9 les organisateurs dans un communiqu\u00e9 jeudi.<\/p>\n<p class=\"has-black-color has-text-color\">Des sports d\u00e9crits comme \u00ab\u00a0jeunes, accessibles et connect\u00e9s avec leur \u00e9poque\u00a0\u00bb, en accord avec les propos de Tony Estanguet, pr\u00e9sident du comit\u00e9 d\u2019organisation des JO, qui soulignait lundi sur France Info la volont\u00e9 de mettre en avant des sports \u00ab\u00a0qui cartonnent sur les r\u00e9seaux sociaux\u00a0\u00bb.<\/p>\n<p class=\"has-black-color has-text-color\">\u00ab\u00a0Ce sont des excuses qui m\u2019\u00e9nervent un peu\u00a0\u00bb, s\u2019indigne Steven Da Costa. \u00ab\u00a0On s\u2019\u00e9loigne totalement des valeurs des Jeux olympiques, on parle d\u2019argent, d\u2019audience, on ne parle plus de sport, donc je comprends encore moins la d\u00e9cision.\u00a0\u00bb<br \/>De son c\u00f4t\u00e9, M. McConnell rejette l\u2019argument des revenus financiers: \u00ab\u00a0Si les consid\u00e9rations \u00e9taient purement financi\u00e8res, nous choisirions des sports capables de remplir des stades de 80.000 places\u00a0\u00bb, avance-t-il avant de relever que \u00ab\u00a0certains sports traditionnels, comme l\u2019athl\u00e9tisme, la gymnastique ou la natation font toujours de tr\u00e8s bons chiffres t\u00e9l\u00e9visuels\u00a0\u00bb.<\/p>\n<p class=\"has-black-color has-text-color\">En revanche, il assume la volont\u00e9 du CIO de \u00ab\u00a0s\u00e9duire une audience plus jeune\u00a0\u00bb.<br \/>\u00ab\u00a0Les quatre sports choisis pour les JO-2024 apportent un v\u00e9ritable \u00e9quilibre au programme olympique\u00a0\u00bb, plaide-t-il. \u00ab\u00a0A Tokyo, les sports collectifs et les sports de combat notamment \u00e9taient bien repr\u00e9sent\u00e9s, mais les sports plus urbains ont apport\u00e9 une dynamique tr\u00e8s diff\u00e9rente par rapport aux sports traditionnels.\u00a0\u00bb<\/p>\n<p class=\"has-black-color has-text-color\">L\u2019ajout du breakdance aux JO-2024 participe \u00e0 ce m\u00eame \u00e9lan en faveur de sports plus urbains, qui vise \u00e0 toucher un public jeune.<\/p>\n<p class=\"has-black-color has-text-color\">S\u2019il est difficile de mesurer l\u2019engouement suscit\u00e9 par le skateboard, l\u2019escalade, le surf, le basket 3\u00d73 et le karat\u00e9, leur ajout \u00e9tait une r\u00e9ussite selon lui.<\/p>\n<p class=\"has-black-color has-text-color\">\u00ab\u00a0Nous avons eu le soutien des pratiquants [des nouveaux sports], et Tony Hawk (un c\u00e9l\u00e8bre skater am\u00e9ricain, NDLR) a aussi d\u00e9fendu l\u2019entr\u00e9e aux Jeux du skateboard.\u00a0\u00bb<\/p>\n<p class=\"has-black-color has-text-color\">Outre la \u00ab\u00a0popularit\u00e9\u00a0\u00bb, d\u2019autres crit\u00e8res sont pris en compte dans la s\u00e9lection des sports, parmi lesquels leur caract\u00e8re \u00ab\u00a0universel\u00a0\u00bb, \u00ab\u00a0l\u2019engagement des athl\u00e8tes\u00a0\u00bb, ou encore des \u00ab\u00a0championnats du monde\u00a0\u00bb qui leur sont d\u00e9di\u00e9s.<br \/>Autre facteur habituellement pris en compte: le potentiel de m\u00e9dailles du pays organisateur dans les sports additionnels, ce qui aurait pu jouer en faveur d\u2019un maintien du karat\u00e9 au-del\u00e0 des Jeux de Tokyo.<\/p>\n<p class=\"has-black-color has-text-color\">Mais pour M. McConnell, \u00ab\u00a0la question d\u00e9passe largement le succ\u00e8s du pays organisateur des JO, et remporter une m\u00e9daille d\u2019or ne garantit pas la pr\u00e9sence du sport dans l\u2019\u00e9dition suivante\u00a0\u00bb.<\/p>\n<p class=\"has-black-color has-text-color\">Rien ne dit toutefois que le karat\u00e9 ne pourra pas, plus tard, envisager son retour par un processus de s\u00e9lection qui se r\u00e9p\u00e8te lors de chaque olympiade.<\/p>\n<p>L\u2019article <a rel=\"nofollow\" href=\"http:\/\/albayane.press.ma\/la-porte-est-fermee-pour-le-karate-et-souvre-sur-le-breaking-lescalade-et-le-surf.html\">\u00ab La porte est ferm\u00e9e pour le karat\u00e9 \u00bb, et s\u2019ouvre sur le breaking, l\u2019escalade et le surf<\/a> est apparu en premier sur <a rel=\"nofollow\" href=\"http:\/\/albayane.press.ma\/\">ALBAYANE<\/a>.<\/p>\n<\/div>\n<p>Auteur: M&rsquo;hammed rahal<br \/>\n<a href=\"http:\/\/albayane.press.ma\/la-porte-est-fermee-pour-le-karate-et-souvre-sur-le-breaking-lescalade-et-le-surf.html\">Cliquez ici pour lire l&rsquo;article depuis sa source.<\/a><\/p>\n","protected":false},"excerpt":{"rendered":"<p>J-O Paris-2024 \u00ab\u00a0La porte est effectivement ferm\u00e9e pour le karat\u00e9\u00a0\u00bb, confirme le directeur des sports du CIO Kit McConnell dans un entretien \u00e0 l\u2019AFP, avan\u00e7ant la n\u00e9cessit\u00e9 de maintenir un \u00ab\u00a0\u00e9quilibre\u00a0\u00bb entre disciplines traditionnelles et celles en pleine croissance. Ces derniers jours, le m\u00e9daill\u00e9 d\u2019or fran\u00e7ais Steven Da Costa et la ministre d\u00e9l\u00e9gu\u00e9e charg\u00e9e des [&hellip;]<\/p>\n","protected":false},"author":1760,"featured_media":0,"comment_status":"closed","ping_status":"closed","sticky":false,"template":"","format":"standard","meta":{"fifu_image_url":"","fifu_image_alt":"","footnotes":""},"categories":[73,54],"tags":[],"class_list":["post-124446","post","type-post","status-publish","format-standard","hentry","category-actualite","category-maroc"],"_links":{"self":[{"href":"https:\/\/linitiative.ca\/International\/wp-json\/wp\/v2\/posts\/124446","targetHints":{"allow":["GET"]}}],"collection":[{"href":"https:\/\/linitiative.ca\/International\/wp-json\/wp\/v2\/posts"}],"about":[{"href":"https:\/\/linitiative.ca\/International\/wp-json\/wp\/v2\/types\/post"}],"author":[{"embeddable":true,"href":"https:\/\/linitiative.ca\/International\/wp-json\/wp\/v2\/users\/1760"}],"replies":[{"embeddable":true,"href":"https:\/\/linitiative.ca\/International\/wp-json\/wp\/v2\/comments?post=124446"}],"version-history":[{"count":0,"href":"https:\/\/linitiative.ca\/International\/wp-json\/wp\/v2\/posts\/124446\/revisions"}],"wp:attachment":[{"href":"https:\/\/linitiative.ca\/International\/wp-json\/wp\/v2\/media?parent=124446"}],"wp:term":[{"taxonomy":"category","embeddable":true,"href":"https:\/\/linitiative.ca\/International\/wp-json\/wp\/v2\/categories?post=124446"},{"taxonomy":"post_tag","embeddable":true,"href":"https:\/\/linitiative.ca\/International\/wp-json\/wp\/v2\/tags?post=124446"}],"curies":[{"name":"wp","href":"https:\/\/api.w.org\/{rel}","templated":true}]}}