{"id":124448,"date":"2021-08-18T10:10:00","date_gmt":"2021-08-18T14:10:00","guid":{"rendered":"https:\/\/linitiative.ca\/International\/la-rentree-scolaire-2021-2022-reportee-au-21-septembre\/"},"modified":"2021-08-18T10:10:00","modified_gmt":"2021-08-18T14:10:00","slug":"la-rentree-scolaire-2021-2022-reportee-au-21-septembre","status":"publish","type":"post","link":"https:\/\/linitiative.ca\/International\/la-rentree-scolaire-2021-2022-reportee-au-21-septembre\/","title":{"rendered":"La rentr\u00e9e scolaire 2021-2022 report\u00e9e au 21 septembre"},"content":{"rendered":"<div>Le d\u00e9partement de Abdelhakim Belabed a d\u00e9cid\u00e9 ce mercredi 18 ao\u00fbt de retarder la date de la rentr\u00e9e scolaire 2021-2022 au 21 septembre, pour les \u00e9l\u00e8ves \u00e0 travers l&rsquo;ensemble du territoire national, a pr\u00e9cis\u00e9 le minist\u00e8re dans un communiqu\u00e9<\/div>\n<p>Auteur:<br \/>\n<a href=\"https:\/\/www.liberte-algerie.com\/actualite\/la-rentree-scolaire-2021-2022-reportee-au-21-septembre-363578\">Cliquez ici pour lire l&rsquo;article depuis sa source.<\/a><\/p>\n","protected":false},"excerpt":{"rendered":"<p>Le d\u00e9partement de Abdelhakim Belabed a d\u00e9cid\u00e9 ce mercredi 18 ao\u00fbt de retarder la date de la rentr\u00e9e scolaire 2021-2022 au 21 septembre, pour les \u00e9l\u00e8ves \u00e0 travers l&rsquo;ensemble du territoire national, a pr\u00e9cis\u00e9 le minist\u00e8re dans un communiqu\u00e9 Auteur: Cliquez ici pour lire l&rsquo;article depuis sa source.<\/p>\n","protected":false},"author":1742,"featured_media":0,"comment_status":"closed","ping_status":"closed","sticky":false,"template":"","format":"standard","meta":{"fifu_image_url":"","fifu_image_alt":"","footnotes":""},"categories":[73,53],"tags":[],"class_list":["post-124448","post","type-post","status-publish","format-standard","hentry","category-actualite","category-algerie"],"_links":{"self":[{"href":"https:\/\/linitiative.ca\/International\/wp-json\/wp\/v2\/posts\/124448","targetHints":{"allow":["GET"]}}],"collection":[{"href":"https:\/\/linitiative.ca\/International\/wp-json\/wp\/v2\/posts"}],"about":[{"href":"https:\/\/linitiative.ca\/International\/wp-json\/wp\/v2\/types\/post"}],"author":[{"embeddable":true,"href":"https:\/\/linitiative.ca\/International\/wp-json\/wp\/v2\/users\/1742"}],"replies":[{"embeddable":true,"href":"https:\/\/linitiative.ca\/International\/wp-json\/wp\/v2\/comments?post=124448"}],"version-history":[{"count":0,"href":"https:\/\/linitiative.ca\/International\/wp-json\/wp\/v2\/posts\/124448\/revisions"}],"wp:attachment":[{"href":"https:\/\/linitiative.ca\/International\/wp-json\/wp\/v2\/media?parent=124448"}],"wp:term":[{"taxonomy":"category","embeddable":true,"href":"https:\/\/linitiative.ca\/International\/wp-json\/wp\/v2\/categories?post=124448"},{"taxonomy":"post_tag","embeddable":true,"href":"https:\/\/linitiative.ca\/International\/wp-json\/wp\/v2\/tags?post=124448"}],"curies":[{"name":"wp","href":"https:\/\/api.w.org\/{rel}","templated":true}]}}