{"id":124449,"date":"2021-08-18T08:11:22","date_gmt":"2021-08-18T12:11:22","guid":{"rendered":"https:\/\/linitiative.ca\/International\/la-drs-dement-le-deces-de-patients-par-manque-doxygene-a-safi\/"},"modified":"2021-08-18T08:11:22","modified_gmt":"2021-08-18T12:11:22","slug":"la-drs-dement-le-deces-de-patients-par-manque-doxygene-a-safi","status":"publish","type":"post","link":"https:\/\/linitiative.ca\/International\/la-drs-dement-le-deces-de-patients-par-manque-doxygene-a-safi\/","title":{"rendered":"La DRS d\u00e9ment le d\u00e9c\u00e8s de patients par manque d\u2019oxyg\u00e8ne \u00e0 Safi"},"content":{"rendered":"<div>\n<div style=\"margin-bottom:20px;\"><img loading=\"lazy\" decoding=\"async\" width=\"750\" height=\"430\" src=\"https:\/\/linitiative.ca\/International\/wp-content\/uploads\/sites\/23\/2021\/08\/Zone-Covid-19-4.jpg\" class=\"attachment-post-thumbnail size-post-thumbnail wp-post-image\" alt=\"\" srcset=\"https:\/\/linitiative.ca\/International\/wp-content\/uploads\/sites\/23\/2021\/08\/Zone-Covid-19-4.jpg 750w, http:\/\/www.mapmarrakech.ma\/map\/uploads\/2021\/08\/Zone-Covid-19-4-300x172.jpg 300w\" sizes=\"auto, (max-width: 750px) 100vw, 750px\"><\/div>\n<p>\u00ab\u00a0L\u2019H\u00f4pital provincial Mohammed V \u00e0 Safi est dot\u00e9 des \u00e9quipements n\u00e9cessaires pour la prise en charge des patients atteints de la Covid-19, y compris les bouteilles d\u2019oxyg\u00e8ne\u00a0\u00bb, souligne la DRS Marrakech-Safi dans un communiqu\u00e9, faisant savoir que tous \u00ab\u00a0les d\u00e9c\u00e8s enregistr\u00e9s dans la r\u00e9gion sont li\u00e9s aux complications de la Covid-19\u00a0\u00bb.<\/p>\n<p>Et de rappeler que le minist\u00e8re de la Sant\u00e9 a dot\u00e9 les \u00e9tablissements hospitaliers des \u00e9quipements n\u00e9cessaires pour une gestion optimale de la pand\u00e9mie.<\/p>\n<p>Dans ce contexte, la DRS de Marrakech-Safi tient \u00e0 remercier les professionnels de la sant\u00e9 qui sont mobilis\u00e9s en permanence et ne m\u00e9nagent aucun effort pour lutter contre la pand\u00e9mie, \u00e0 travers le suivi de la situation \u00e9pid\u00e9miologique et la prise en charge des cas atteints de la Covid-19.<\/p>\n<p>Des efforts soutenus sont \u00e9galement d\u00e9ploy\u00e9s pour assurer la r\u00e9ussite de la campagne nationale de vaccination anti-Covid-19, en vue d\u2019enrayer la propagation du nouveau coronavirus, la r\u00e9alisation de l\u2019immunit\u00e9 communautaire et le retour \u00e0 la vie normale.<\/p>\n<p>The post <a rel=\"nofollow\" href=\"http:\/\/www.mapmarrakech.ma\/fr\/la-drs-dement-le-deces-de-patients-par-manque-doxygene-a-safi\/\">La DRS d\u00e9ment le d\u00e9c\u00e8s de patients par manque d\u2019oxyg\u00e8ne \u00e0 Safi<\/a> appeared first on <a rel=\"nofollow\" href=\"http:\/\/www.mapmarrakech.ma\/fr\">MapMarrakech<\/a>.<\/p>\n<\/div>\n<p>Auteur: Meriem IGASS<br \/>\n<a href=\"http:\/\/www.mapmarrakech.ma\/fr\/la-drs-dement-le-deces-de-patients-par-manque-doxygene-a-safi\/\">Cliquez ici pour lire l&rsquo;article depuis sa source.<\/a><\/p>\n","protected":false},"excerpt":{"rendered":"<p>\u00ab\u00a0L\u2019H\u00f4pital provincial Mohammed V \u00e0 Safi est dot\u00e9 des \u00e9quipements n\u00e9cessaires pour la prise en charge des patients atteints de la Covid-19, y compris les bouteilles d\u2019oxyg\u00e8ne\u00a0\u00bb, souligne la DRS Marrakech-Safi dans un communiqu\u00e9, faisant savoir que tous \u00ab\u00a0les d\u00e9c\u00e8s enregistr\u00e9s dans la r\u00e9gion sont li\u00e9s aux complications de la Covid-19\u00a0\u00bb. Et de rappeler que [&hellip;]<\/p>\n","protected":false},"author":1788,"featured_media":0,"comment_status":"closed","ping_status":"closed","sticky":false,"template":"","format":"standard","meta":{"fifu_image_url":"http:\/\/www.mapmarrakech.ma\/map\/uploads\/2021\/08\/Zone-Covid-19-4.jpg","fifu_image_alt":"La DRS d\u00e9ment le d\u00e9c\u00e8s de patients par manque d\u2019oxyg\u00e8ne \u00e0 Safi","footnotes":""},"categories":[54,76],"tags":[],"class_list":["post-124449","post","type-post","status-publish","format-standard","hentry","category-maroc","category-regions"],"_links":{"self":[{"href":"https:\/\/linitiative.ca\/International\/wp-json\/wp\/v2\/posts\/124449","targetHints":{"allow":["GET"]}}],"collection":[{"href":"https:\/\/linitiative.ca\/International\/wp-json\/wp\/v2\/posts"}],"about":[{"href":"https:\/\/linitiative.ca\/International\/wp-json\/wp\/v2\/types\/post"}],"author":[{"embeddable":true,"href":"https:\/\/linitiative.ca\/International\/wp-json\/wp\/v2\/users\/1788"}],"replies":[{"embeddable":true,"href":"https:\/\/linitiative.ca\/International\/wp-json\/wp\/v2\/comments?post=124449"}],"version-history":[{"count":0,"href":"https:\/\/linitiative.ca\/International\/wp-json\/wp\/v2\/posts\/124449\/revisions"}],"wp:attachment":[{"href":"https:\/\/linitiative.ca\/International\/wp-json\/wp\/v2\/media?parent=124449"}],"wp:term":[{"taxonomy":"category","embeddable":true,"href":"https:\/\/linitiative.ca\/International\/wp-json\/wp\/v2\/categories?post=124449"},{"taxonomy":"post_tag","embeddable":true,"href":"https:\/\/linitiative.ca\/International\/wp-json\/wp\/v2\/tags?post=124449"}],"curies":[{"name":"wp","href":"https:\/\/api.w.org\/{rel}","templated":true}]}}