{"id":124451,"date":"2021-08-18T08:53:22","date_gmt":"2021-08-18T12:53:22","guid":{"rendered":"https:\/\/linitiative.ca\/International\/previsions-meteorologiques-pour-le-jeudi-19-aout-2021\/"},"modified":"2021-08-18T08:53:22","modified_gmt":"2021-08-18T12:53:22","slug":"previsions-meteorologiques-pour-le-jeudi-19-aout-2021","status":"publish","type":"post","link":"https:\/\/linitiative.ca\/International\/previsions-meteorologiques-pour-le-jeudi-19-aout-2021\/","title":{"rendered":"Pr\u00e9visions m\u00e9t\u00e9orologiques pour le jeudi 19 ao\u00fbt 2021"},"content":{"rendered":"<div>\n<div style=\"margin-bottom:20px;\"><img loading=\"lazy\" decoding=\"async\" width=\"750\" height=\"430\" src=\"https:\/\/linitiative.ca\/International\/wp-content\/uploads\/sites\/23\/2021\/08\/soleil-1-3.jpg\" class=\"attachment-post-thumbnail size-post-thumbnail wp-post-image\" alt=\"\" srcset=\"https:\/\/linitiative.ca\/International\/wp-content\/uploads\/sites\/23\/2021\/08\/soleil-1-3.jpg 750w, http:\/\/www.mapmarrakech.ma\/map\/uploads\/2021\/08\/soleil-1-300x172.jpg 300w\" sizes=\"auto, (max-width: 750px) 100vw, 750px\"><\/div>\n<p>\u2013 Baisse des temp\u00e9ratures sur le Souss, les provinces Sud et l\u2019Oriental avec persistance de temps assez chaud sur les plaines de Tadla et les extr\u00eames Sud et Sud-Est du pays.<\/p>\n<p>\u2013 Nuages cumuliformes et faiblement instables sur le Haut et le Moyen Atlas et l\u2019Oriental avec possibilit\u00e9 de quelques ond\u00e9es \u00e9parses et orages par endroits.<\/p>\n<p>\u2013 Remont\u00e9e de nuages tropicaux sur l\u2019extr\u00eame Sud du pays avec orages et ond\u00e9es \u00e9parses.<\/p>\n<p>\u2013 Rafales de vents assez fortes sur le Sud-Est et le Sud du pays avec des chasse sables par endroits.<\/p>\n<p>\u2013 Temp\u00e9ratures minimales de l\u2019ordre de 25\/33\u00b0C sur le Sud-Est, l\u2019int\u00e9rieur des provinces Sud et du Souss, de 15\/20\u00b0C sur l\u2019Atlas et de 20\/25\u00b0C ailleurs.<\/p>\n<p>\u2013 Temp\u00e9ratures maximales de l\u2019ordre de 39\/45\u00b0C sur le Sud, le Sud-Est, l\u2019int\u00e9rieur du Souss et par endroits sur les r\u00e9gions int\u00e9rieures \u00e0 l\u2019Ouest de l\u2019Atlas, de 26\/33\u00b0C sur l\u2019Atlas et pr\u00e8s des c\u00f4tes et de 33\/39\u00b0C ailleurs.<\/p>\n<p>\u2013 Mer belle a peu agit\u00e9e sur la M\u00e9diterran\u00e9e et le D\u00e9troit, peu agit\u00e9e entre Cap Spartel et Mehdia, agit\u00e9e \u00e0 forte entre Boujdour et Lagouira et peu agit\u00e9e \u00e0 agit\u00e9e ailleurs.<\/p>\n<p>The post <a rel=\"nofollow\" href=\"http:\/\/www.mapmarrakech.ma\/fr\/previsions-meteorologiques-pour-le-jeudi-19-aout-2021\/\">Pr\u00e9visions m\u00e9t\u00e9orologiques pour le jeudi 19 ao\u00fbt 2021<\/a> appeared first on <a rel=\"nofollow\" href=\"http:\/\/www.mapmarrakech.ma\/fr\">MapMarrakech<\/a>.<\/p>\n<\/div>\n<p>Auteur: Meriem IGASS<br \/>\n<a href=\"http:\/\/www.mapmarrakech.ma\/fr\/previsions-meteorologiques-pour-le-jeudi-19-aout-2021\/\">Cliquez ici pour lire l&rsquo;article depuis sa source.<\/a><\/p>\n","protected":false},"excerpt":{"rendered":"<p>\u2013 Baisse des temp\u00e9ratures sur le Souss, les provinces Sud et l\u2019Oriental avec persistance de temps assez chaud sur les plaines de Tadla et les extr\u00eames Sud et Sud-Est du pays. \u2013 Nuages cumuliformes et faiblement instables sur le Haut et le Moyen Atlas et l\u2019Oriental avec possibilit\u00e9 de quelques ond\u00e9es \u00e9parses et orages par [&hellip;]<\/p>\n","protected":false},"author":1788,"featured_media":0,"comment_status":"closed","ping_status":"closed","sticky":false,"template":"","format":"standard","meta":{"fifu_image_url":"http:\/\/www.mapmarrakech.ma\/map\/uploads\/2021\/08\/soleil-1.jpg","fifu_image_alt":"Pr\u00e9visions m\u00e9t\u00e9orologiques pour le jeudi 19 ao\u00fbt 2021","footnotes":""},"categories":[54,76],"tags":[],"class_list":["post-124451","post","type-post","status-publish","format-standard","hentry","category-maroc","category-regions"],"_links":{"self":[{"href":"https:\/\/linitiative.ca\/International\/wp-json\/wp\/v2\/posts\/124451","targetHints":{"allow":["GET"]}}],"collection":[{"href":"https:\/\/linitiative.ca\/International\/wp-json\/wp\/v2\/posts"}],"about":[{"href":"https:\/\/linitiative.ca\/International\/wp-json\/wp\/v2\/types\/post"}],"author":[{"embeddable":true,"href":"https:\/\/linitiative.ca\/International\/wp-json\/wp\/v2\/users\/1788"}],"replies":[{"embeddable":true,"href":"https:\/\/linitiative.ca\/International\/wp-json\/wp\/v2\/comments?post=124451"}],"version-history":[{"count":0,"href":"https:\/\/linitiative.ca\/International\/wp-json\/wp\/v2\/posts\/124451\/revisions"}],"wp:attachment":[{"href":"https:\/\/linitiative.ca\/International\/wp-json\/wp\/v2\/media?parent=124451"}],"wp:term":[{"taxonomy":"category","embeddable":true,"href":"https:\/\/linitiative.ca\/International\/wp-json\/wp\/v2\/categories?post=124451"},{"taxonomy":"post_tag","embeddable":true,"href":"https:\/\/linitiative.ca\/International\/wp-json\/wp\/v2\/tags?post=124451"}],"curies":[{"name":"wp","href":"https:\/\/api.w.org\/{rel}","templated":true}]}}