{"id":124455,"date":"2021-08-18T11:27:09","date_gmt":"2021-08-18T15:27:09","guid":{"rendered":"https:\/\/linitiative.ca\/International\/le-quotient-electoral-un-mecanisme-fondamental-pour-la-repartition-des-sieges\/"},"modified":"2021-08-18T11:27:09","modified_gmt":"2021-08-18T15:27:09","slug":"le-quotient-electoral-un-mecanisme-fondamental-pour-la-repartition-des-sieges","status":"publish","type":"post","link":"https:\/\/linitiative.ca\/International\/le-quotient-electoral-un-mecanisme-fondamental-pour-la-repartition-des-sieges\/","title":{"rendered":"Le quotient \u00e9lectoral, un m\u00e9canisme fondamental pour la r\u00e9partition des si\u00e8ges"},"content":{"rendered":"<div>\n<div style=\"margin-bottom:20px;\"><img loading=\"lazy\" decoding=\"async\" width=\"750\" height=\"430\" src=\"https:\/\/linitiative.ca\/International\/wp-content\/uploads\/sites\/23\/2021\/08\/Tunisie-vote.jpg\" class=\"attachment-post-thumbnail size-post-thumbnail wp-post-image\" alt=\"\" srcset=\"https:\/\/linitiative.ca\/International\/wp-content\/uploads\/sites\/23\/2021\/08\/Tunisie-vote.jpg 750w, http:\/\/www.mapoujda.ma\/map\/uploads\/2021\/08\/Tunisie-vote-300x172.jpg 300w\" sizes=\"auto, (max-width: 750px) 100vw, 750px\"><\/div>\n<div class=\"entry-content clearfix single-post-content\">\n<p style=\"text-align: justify;\">Le calcul du quotient \u00e9lectoral sur la base des inscrits aux listes \u00e9lectorales a suscit\u00e9 un large d\u00e9bat dans les deux chambres du Parlement, du fait que cette nouvelle m\u00e9thode de calcul constitue un m\u00e9canisme fondamental pour la r\u00e9partition des si\u00e8ges.<\/p>\n<p style=\"text-align: justify;\">Si ce processus de r\u00e9partition des si\u00e8ges a focalis\u00e9 tant de discussions et de joutes lors de sa pr\u00e9sentation pour approbation au Parlement, certains voient que les chances des grands partis pour l\u2019obtention de plus d\u2019un si\u00e8ge dans une m\u00eame circonscription \u00e9lectorale risquent de se r\u00e9duire.<\/p>\n<p style=\"text-align: justify;\">De l\u2019avis de nombreux chercheurs, la modification du quotient \u00e9lectoral s\u2019inscrit dans le cadre du renforcement de l\u2019\u00e9dification d\u00e9mocratique et de la consolidation de la l\u00e9gitimit\u00e9 \u00e9lectorale, en ouvrant la voie \u00e0 toutes les forces politiques \u00e0 la participation dans l\u2019\u00e9laboration et la prise de d\u00e9cision tant au sein de l\u2019institution l\u00e9gislative que dans le reste des organes repr\u00e9sentatifs territoriaux.<\/p>\n<p style=\"text-align: justify;\">Dans ce contexte, le politologue et universitaire Mohamed Bouden, a estim\u00e9 que le nouveau quotient \u00e9lectoral repr\u00e9sente une solution efficace pour renforcer la l\u00e9gitimit\u00e9 \u00e9lectorale.<\/p>\n<p style=\"text-align: justify;\">Il a not\u00e9 que \u00ab cette formule qui d\u00e9coule du devoir national \u00bb permettra d\u2019augmenter la participation aux \u00e9ch\u00e9ances \u00e9lectorales.<\/p>\n<p style=\"text-align: justify;\">L\u2019universitaire a mis en avant les avantages du quotient \u00e9lectoral, dans sa nouvelle mouture, soutenant que ce m\u00e9canisme permet de pr\u00e9server les chances des petits et moyens partis, d\u2019autant qu\u2019il ne restreint gu\u00e8re les ambitions des partis souhaitant asseoir une meilleure position.<\/p>\n<p style=\"text-align: justify;\">Selon lui, l\u2019enjeu d\u00e9mocratique doit \u00eatre abord\u00e9 dans son contexte national et en relation avec la culture de la nation, consid\u00e9rant que le nouveau quotient \u00e9lectoral \u00e9tablit des \u00e9quilibres et n\u2019a aucun impact sur les voix des \u00e9lecteurs.<\/p>\n<p style=\"text-align: justify;\">Il a dans ce sens soulign\u00e9 que la volont\u00e9 exprim\u00e9e par les \u00e9lecteurs est ce qui rapproche un parti ou un autre du quotient \u00e9lectoral, extrait d\u2019un processus de calcul pr\u00e9\u00e9tabli qui ne cible aucun parti et n\u2019affecte pas la libert\u00e9 de vote.<\/p>\n<p style=\"text-align: justify;\">Le politologue a not\u00e9 que le nouveau quotient \u00e9lectoral \u00e9tablira un climat concurrentiel qualitatif entre les partis politiques et encouragera les \u00e9lecteurs \u00e0 activer leur droit personnel et leur devoir constitutionnel et \u00e0 augmenter les votes.<\/p>\n<p style=\"text-align: justify;\">\u00ab Cela peut brouiller les cartes de certains partis traditionnels et des \u00e9lites qui ont des \u00e9lecteurs fid\u00e8les ou qui b\u00e9n\u00e9ficient du faible taux de participation \u00bb, a-t-il expliqu\u00e9.<\/p>\n<p style=\"text-align: justify;\">Concernant les effets politiques possibles du nouveau quotient \u00e9lectoral, M. Bouden a estim\u00e9 que les partis repr\u00e9sent\u00e9s au Parlement vont augmenter, ce qui s\u2019inscrit en droite ligne du crit\u00e8re de repr\u00e9sentativit\u00e9 qui garantit la pr\u00e9sence des diff\u00e9rentes composantes de la sc\u00e8ne partisane dans les institutions et ne se contente pas de \u00ab r\u00e9compenser uniquement certains partis \u00bb.<\/p>\n<p style=\"text-align: justify;\">Il a indiqu\u00e9 que certains partis vont enregistrer des sauts importants et d\u2019autres des reculs plus ou moins profonds.<\/p>\n<p style=\"text-align: justify;\">S\u2019agissant des r\u00e9percussions \u00e9ventuelles du nouveau m\u00e9canisme sur la formation de la majorit\u00e9 et de l\u2019opposition et sur la composition de la coalition gouvernementale, M. Bouden a fait observer que la carte politique devra conna\u00eetre un d\u00e9compte objectif qui pourrait \u00eatre d\u00e9favorable \u00e0 certaines \u00e9lites ayant longtemps marqu\u00e9 la sc\u00e8ne politique.<\/p>\n<p style=\"text-align: justify;\">\u00ab La Constitution dans son aspect relatif au choix d\u00e9mocratique est une question d\u2019\u00e9dification continue et un champ de renforcement et de d\u00e9veloppement \u00bb, a-t-il dit, relevant que l\u2019exp\u00e9rimentation d\u2019un m\u00e9canisme nouveau demeure un enjeu vital pour la praxis politique.<\/p>\n<\/div>\n<p>L\u2019article <a rel=\"nofollow\" href=\"http:\/\/www.mapoujda.ma\/fr\/le-quotient-electoral-un-mecanisme-fondamental-pour-la-repartition-des-sieges\/\">Le quotient \u00e9lectoral, un m\u00e9canisme fondamental pour la r\u00e9partition des si\u00e8ges<\/a> est apparu en premier sur <a rel=\"nofollow\" href=\"http:\/\/www.mapoujda.ma\/fr\">MapOujda<\/a>.<\/p>\n<\/div>\n<p>Auteur: Soufiane ELAHMAR<br \/>\n<a href=\"http:\/\/www.mapoujda.ma\/fr\/le-quotient-electoral-un-mecanisme-fondamental-pour-la-repartition-des-sieges\/\">Cliquez ici pour lire l&rsquo;article depuis sa source.<\/a><\/p>\n","protected":false},"excerpt":{"rendered":"<p>Le calcul du quotient \u00e9lectoral sur la base des inscrits aux listes \u00e9lectorales a suscit\u00e9 un large d\u00e9bat dans les deux chambres du Parlement, du fait que cette nouvelle m\u00e9thode de calcul constitue un m\u00e9canisme fondamental pour la r\u00e9partition des si\u00e8ges. Si ce processus de r\u00e9partition des si\u00e8ges a focalis\u00e9 tant de discussions et de [&hellip;]<\/p>\n","protected":false},"author":1788,"featured_media":0,"comment_status":"closed","ping_status":"closed","sticky":false,"template":"","format":"standard","meta":{"fifu_image_url":"http:\/\/www.mapoujda.ma\/map\/uploads\/2021\/08\/Tunisie-vote.jpg","fifu_image_alt":"Le quotient \u00e9lectoral, un m\u00e9canisme fondamental pour la r\u00e9partition des si\u00e8ges","footnotes":""},"categories":[54,76],"tags":[],"class_list":["post-124455","post","type-post","status-publish","format-standard","hentry","category-maroc","category-regions"],"_links":{"self":[{"href":"https:\/\/linitiative.ca\/International\/wp-json\/wp\/v2\/posts\/124455","targetHints":{"allow":["GET"]}}],"collection":[{"href":"https:\/\/linitiative.ca\/International\/wp-json\/wp\/v2\/posts"}],"about":[{"href":"https:\/\/linitiative.ca\/International\/wp-json\/wp\/v2\/types\/post"}],"author":[{"embeddable":true,"href":"https:\/\/linitiative.ca\/International\/wp-json\/wp\/v2\/users\/1788"}],"replies":[{"embeddable":true,"href":"https:\/\/linitiative.ca\/International\/wp-json\/wp\/v2\/comments?post=124455"}],"version-history":[{"count":0,"href":"https:\/\/linitiative.ca\/International\/wp-json\/wp\/v2\/posts\/124455\/revisions"}],"wp:attachment":[{"href":"https:\/\/linitiative.ca\/International\/wp-json\/wp\/v2\/media?parent=124455"}],"wp:term":[{"taxonomy":"category","embeddable":true,"href":"https:\/\/linitiative.ca\/International\/wp-json\/wp\/v2\/categories?post=124455"},{"taxonomy":"post_tag","embeddable":true,"href":"https:\/\/linitiative.ca\/International\/wp-json\/wp\/v2\/tags?post=124455"}],"curies":[{"name":"wp","href":"https:\/\/api.w.org\/{rel}","templated":true}]}}