{"id":124457,"date":"2021-08-18T07:52:00","date_gmt":"2021-08-18T11:52:00","guid":{"rendered":"https:\/\/linitiative.ca\/International\/migration-clandestine-trois-operations-dejouees-a-tarfaya\/"},"modified":"2021-08-18T07:52:00","modified_gmt":"2021-08-18T11:52:00","slug":"migration-clandestine-trois-operations-dejouees-a-tarfaya","status":"publish","type":"post","link":"https:\/\/linitiative.ca\/International\/migration-clandestine-trois-operations-dejouees-a-tarfaya\/","title":{"rendered":"Migration clandestine: Trois op\u00e9rations d\u00e9jou\u00e9es \u00e0 Tarfaya"},"content":{"rendered":"<div>\n<div class=\"field field-name-body field-type-text-with-summary field-label-hidden\">\n<div class=\"field-items\">\n<div class=\"field-item even\" property=\"content:encoded\">\n<p class=\"rtejustify\">Les autorit\u00e9s locales et les services de s\u00e9curit\u00e9 de Tarfaya ont mis en \u00e9chec trois tentatives de migration clandestine vers les \u00eeles Canaries, ont-ils annonc\u00e9.<\/p>\n<\/div>\n<\/div>\n<\/div>\n<\/div>\n<p>Auteur: hgueye<br \/>\n<a href=\"https:\/\/www.leconomiste.com\/flash-infos\/migration-clandestine-trois-operations-dejouees-tarfaya\">Cliquez ici pour lire l&rsquo;article depuis sa source.<\/a><\/p>\n","protected":false},"excerpt":{"rendered":"<p>Les autorit\u00e9s locales et les services de s\u00e9curit\u00e9 de Tarfaya ont mis en \u00e9chec trois tentatives de migration clandestine vers les \u00eeles Canaries, ont-ils annonc\u00e9. Auteur: hgueye Cliquez ici pour lire l&rsquo;article depuis sa source.<\/p>\n","protected":false},"author":1763,"featured_media":0,"comment_status":"closed","ping_status":"closed","sticky":false,"template":"","format":"standard","meta":{"fifu_image_url":"","fifu_image_alt":"","footnotes":""},"categories":[78,54],"tags":[],"class_list":["post-124457","post","type-post","status-publish","format-standard","hentry","category-economie","category-maroc"],"_links":{"self":[{"href":"https:\/\/linitiative.ca\/International\/wp-json\/wp\/v2\/posts\/124457","targetHints":{"allow":["GET"]}}],"collection":[{"href":"https:\/\/linitiative.ca\/International\/wp-json\/wp\/v2\/posts"}],"about":[{"href":"https:\/\/linitiative.ca\/International\/wp-json\/wp\/v2\/types\/post"}],"author":[{"embeddable":true,"href":"https:\/\/linitiative.ca\/International\/wp-json\/wp\/v2\/users\/1763"}],"replies":[{"embeddable":true,"href":"https:\/\/linitiative.ca\/International\/wp-json\/wp\/v2\/comments?post=124457"}],"version-history":[{"count":0,"href":"https:\/\/linitiative.ca\/International\/wp-json\/wp\/v2\/posts\/124457\/revisions"}],"wp:attachment":[{"href":"https:\/\/linitiative.ca\/International\/wp-json\/wp\/v2\/media?parent=124457"}],"wp:term":[{"taxonomy":"category","embeddable":true,"href":"https:\/\/linitiative.ca\/International\/wp-json\/wp\/v2\/categories?post=124457"},{"taxonomy":"post_tag","embeddable":true,"href":"https:\/\/linitiative.ca\/International\/wp-json\/wp\/v2\/tags?post=124457"}],"curies":[{"name":"wp","href":"https:\/\/api.w.org\/{rel}","templated":true}]}}