{"id":124461,"date":"2021-08-18T12:31:46","date_gmt":"2021-08-18T16:31:46","guid":{"rendered":"https:\/\/linitiative.ca\/International\/cannabis-etat-durgence-blanchiment-dargent-un-menu-charge-au-conseil-du-gouvernement\/"},"modified":"2021-08-18T12:31:46","modified_gmt":"2021-08-18T16:31:46","slug":"cannabis-etat-durgence-blanchiment-dargent-un-menu-charge-au-conseil-du-gouvernement","status":"publish","type":"post","link":"https:\/\/linitiative.ca\/International\/cannabis-etat-durgence-blanchiment-dargent-un-menu-charge-au-conseil-du-gouvernement\/","title":{"rendered":"Cannabis, \u00e9tat d&rsquo;urgence, blanchiment d&rsquo;argent&#8230; Un menu charg\u00e9 au Conseil du gouvernement"},"content":{"rendered":"<div>\n<div class=\"field field-name-body field-type-text-with-summary field-label-hidden\">\n<div class=\"field-items\">\n<div class=\"field-item even\" property=\"content:encoded\">\n<p class=\"rtejustify\">Un menu charg\u00e9 pour le prochain Conseil de gouvernement qui\u00a0se tiendra lundi 23 ao\u00fbt. 14 projets de d\u00e9crets sont \u00e0 l&rsquo;ordre du jour,\u00a0dont un portant application des articles 32 et 35 de la loi relative aux usages licites du cannabis et un autre concernant l&rsquo;amendement du d\u00e9cret portant prorogation de la dur\u00e9e d&rsquo;effet de l\u2019\u00e9tat d\u2019urgence sanitaire sur l\u2019ensemble du territoire national pour faire face \u00e0 la propagation du Covid-19.<\/p>\n<\/div>\n<\/div>\n<\/div>\n<\/div>\n<p>Auteur: hgueye<br \/>\n<a href=\"https:\/\/www.leconomiste.com\/flash-infos\/cannabis-etat-d-urgence-blanchiment-d-argent-un-menu-charge-au-prochain-conseil-du\">Cliquez ici pour lire l&rsquo;article depuis sa source.<\/a><\/p>\n","protected":false},"excerpt":{"rendered":"<p>Un menu charg\u00e9 pour le prochain Conseil de gouvernement qui\u00a0se tiendra lundi 23 ao\u00fbt. 14 projets de d\u00e9crets sont \u00e0 l&rsquo;ordre du jour,\u00a0dont un portant application des articles 32 et 35 de la loi relative aux usages licites du cannabis et un autre concernant l&rsquo;amendement du d\u00e9cret portant prorogation de la dur\u00e9e d&rsquo;effet de l\u2019\u00e9tat [&hellip;]<\/p>\n","protected":false},"author":1763,"featured_media":0,"comment_status":"closed","ping_status":"closed","sticky":false,"template":"","format":"standard","meta":{"fifu_image_url":"","fifu_image_alt":"","footnotes":""},"categories":[78,54],"tags":[],"class_list":["post-124461","post","type-post","status-publish","format-standard","hentry","category-economie","category-maroc"],"_links":{"self":[{"href":"https:\/\/linitiative.ca\/International\/wp-json\/wp\/v2\/posts\/124461","targetHints":{"allow":["GET"]}}],"collection":[{"href":"https:\/\/linitiative.ca\/International\/wp-json\/wp\/v2\/posts"}],"about":[{"href":"https:\/\/linitiative.ca\/International\/wp-json\/wp\/v2\/types\/post"}],"author":[{"embeddable":true,"href":"https:\/\/linitiative.ca\/International\/wp-json\/wp\/v2\/users\/1763"}],"replies":[{"embeddable":true,"href":"https:\/\/linitiative.ca\/International\/wp-json\/wp\/v2\/comments?post=124461"}],"version-history":[{"count":0,"href":"https:\/\/linitiative.ca\/International\/wp-json\/wp\/v2\/posts\/124461\/revisions"}],"wp:attachment":[{"href":"https:\/\/linitiative.ca\/International\/wp-json\/wp\/v2\/media?parent=124461"}],"wp:term":[{"taxonomy":"category","embeddable":true,"href":"https:\/\/linitiative.ca\/International\/wp-json\/wp\/v2\/categories?post=124461"},{"taxonomy":"post_tag","embeddable":true,"href":"https:\/\/linitiative.ca\/International\/wp-json\/wp\/v2\/tags?post=124461"}],"curies":[{"name":"wp","href":"https:\/\/api.w.org\/{rel}","templated":true}]}}