{"id":124463,"date":"2021-08-18T07:06:00","date_gmt":"2021-08-18T11:06:00","guid":{"rendered":"https:\/\/linitiative.ca\/International\/naples-adam-ounas-dans-le-viseur-du-torino\/"},"modified":"2021-08-18T07:06:00","modified_gmt":"2021-08-18T11:06:00","slug":"naples-adam-ounas-dans-le-viseur-du-torino","status":"publish","type":"post","link":"https:\/\/linitiative.ca\/International\/naples-adam-ounas-dans-le-viseur-du-torino\/","title":{"rendered":"Naples : Adam Ounas dans le viseur du Torino"},"content":{"rendered":"<div>Le Torino a montr\u00e9 de l&rsquo;int\u00e9r\u00eat pour Adam Ounas<img loading=\"lazy\" decoding=\"async\" src=\"http:\/\/feeds.feedburner.com\/~r\/GalerieFArtciles\/~4\/70RQ46_qPiw\" height=\"1\" width=\"1\" alt=\"\"><\/div>\n<p>Auteur:<br \/>\n<a href=\"http:\/\/www.lebuteur.com\/article\/detail?titre=naples-adam-ounas-dans-le-viseur-du-torino&#038;id=100871&#038;utm_source=feedburner&#038;utm_medium=feed&#038;utm_campaign=Feed%3A+GalerieFArtciles+%28Les+derniers+articles++-+lebuteur.com%29\">Cliquez ici pour lire l&rsquo;article depuis sa source.<\/a><\/p>\n","protected":false},"excerpt":{"rendered":"<p>Le Torino a montr\u00e9 de l&rsquo;int\u00e9r\u00eat pour Adam Ounas Auteur: Cliquez ici pour lire l&rsquo;article depuis sa source.<\/p>\n","protected":false},"author":1738,"featured_media":0,"comment_status":"closed","ping_status":"closed","sticky":false,"template":"","format":"standard","meta":{"fifu_image_url":"http:\/\/feeds.feedburner.com\/~r\/GalerieFArtciles\/~4\/70RQ46_qPiw","fifu_image_alt":"Naples : Adam Ounas dans le viseur du Torino","footnotes":""},"categories":[53,75],"tags":[],"class_list":["post-124463","post","type-post","status-publish","format-standard","hentry","category-algerie","category-sport"],"_links":{"self":[{"href":"https:\/\/linitiative.ca\/International\/wp-json\/wp\/v2\/posts\/124463","targetHints":{"allow":["GET"]}}],"collection":[{"href":"https:\/\/linitiative.ca\/International\/wp-json\/wp\/v2\/posts"}],"about":[{"href":"https:\/\/linitiative.ca\/International\/wp-json\/wp\/v2\/types\/post"}],"author":[{"embeddable":true,"href":"https:\/\/linitiative.ca\/International\/wp-json\/wp\/v2\/users\/1738"}],"replies":[{"embeddable":true,"href":"https:\/\/linitiative.ca\/International\/wp-json\/wp\/v2\/comments?post=124463"}],"version-history":[{"count":0,"href":"https:\/\/linitiative.ca\/International\/wp-json\/wp\/v2\/posts\/124463\/revisions"}],"wp:attachment":[{"href":"https:\/\/linitiative.ca\/International\/wp-json\/wp\/v2\/media?parent=124463"}],"wp:term":[{"taxonomy":"category","embeddable":true,"href":"https:\/\/linitiative.ca\/International\/wp-json\/wp\/v2\/categories?post=124463"},{"taxonomy":"post_tag","embeddable":true,"href":"https:\/\/linitiative.ca\/International\/wp-json\/wp\/v2\/tags?post=124463"}],"curies":[{"name":"wp","href":"https:\/\/api.w.org\/{rel}","templated":true}]}}