{"id":124467,"date":"2021-08-18T06:35:05","date_gmt":"2021-08-18T10:35:05","guid":{"rendered":"https:\/\/linitiative.ca\/International\/le-requisitoire-du-parti-des-travailleurs\/"},"modified":"2021-08-18T06:35:05","modified_gmt":"2021-08-18T10:35:05","slug":"le-requisitoire-du-parti-des-travailleurs","status":"publish","type":"post","link":"https:\/\/linitiative.ca\/International\/le-requisitoire-du-parti-des-travailleurs\/","title":{"rendered":"Le r\u00e9quisitoire du Parti des travailleurs"},"content":{"rendered":"<div>\n<div class=\"sriret\"><img decoding=\"async\" src=\"https:\/\/linitiative.ca\/International\/wp-content\/uploads\/sites\/23\/2021\/08\/default-picture-709x366_c-36.jpg\"><\/div>\n<p>Le Parti des travailleurs (PT) s\u2019exprime sur les derniers \u00e9v\u00e9nements que conna\u00eet le pays, plus particuli\u00e8rement les feux de for\u00eat ravageurs, le meurtre abject de Djamel Bensma\u00efl et la gestion de cette situation par les pouvoirs publics.<\/p>\n<p>Dans un long communiqu\u00e9 rendu public hier, \u00e0 l\u2019issue de la r\u00e9union de son bureau politique, cette formation condamne d\u2019abord la diffusion de sc\u00e8nes atroces par l\u2019EPTV et d\u2019autres m\u00e9dias concernant l\u2019assassinat du jeune \u00abJimmy\u00bb. \u00abLe PT consid\u00e8re que la diffusion en direct, par l\u2019EPTV (Etablissement public de t\u00e9l\u00e9vision) et les autres cha\u00eenes de t\u00e9l\u00e9vision, de vid\u00e9os montrant des sc\u00e8nes atroces de l\u2019ex\u00e9cution du jeune Djamel Bensma\u00efl expos\u00e9es comme preuves par la Direction g\u00e9n\u00e9rale de la S\u00fbret\u00e9 nationale (DGSN), lors de la conf\u00e9rence de presse qu\u2019elle a organis\u00e9e le lundi 15 ao\u00fbt 2021, alors qu\u2019elles sont cens\u00e9es relever exclusivement de l\u2019enqu\u00eate polici\u00e8re interne, risque d\u2019influer sur le cours de l\u2019enqu\u00eate, au moment o\u00f9 elle n\u2019est qu\u2019\u00e0 ses d\u00e9buts\u00bb, note le parti dans son communiqu\u00e9. Tout en relevant des contradictions dans \u00abl\u2019attitude des autorit\u00e9s concernant Facebook et la diffusion de sc\u00e8nes horribles\u00bb, le PT affirme que seule la justice est habilit\u00e9e \u00e0 \u00e9lucider cette affaire.<\/p>\n<p>*Retrouvez l\u2019int\u00e9gralit\u00e9 de nos articles sur la version papier<\/p>\n<p>L\u2019article <a rel=\"nofollow\" href=\"https:\/\/www.elwatan.com\/edition\/actualite\/le-requisitoire-du-parti-des-travailleurs-18-08-2021\">Le r\u00e9quisitoire du Parti des travailleurs<\/a> est apparu en premier sur <a rel=\"nofollow\" href=\"https:\/\/www.elwatan.com\/\">El Watan<\/a>.<\/p>\n<\/div>\n<p>Auteur: Hicham Chouadria<br \/>\n<a href=\"https:\/\/www.elwatan.com\/edition\/actualite\/le-requisitoire-du-parti-des-travailleurs-18-08-2021\">Cliquez ici pour lire l&rsquo;article depuis sa source.<\/a><\/p>\n","protected":false},"excerpt":{"rendered":"<p>Le Parti des travailleurs (PT) s\u2019exprime sur les derniers \u00e9v\u00e9nements que conna\u00eet le pays, plus particuli\u00e8rement les feux de for\u00eat ravageurs, le meurtre abject de Djamel Bensma\u00efl et la gestion de cette situation par les pouvoirs publics. Dans un long communiqu\u00e9 rendu public hier, \u00e0 l\u2019issue de la r\u00e9union de son bureau politique, cette formation [&hellip;]<\/p>\n","protected":false},"author":1743,"featured_media":0,"comment_status":"closed","ping_status":"closed","sticky":false,"template":"","format":"standard","meta":{"fifu_image_url":"https:\/\/www.elwatan.com\/wp-content\/themes\/spectr\/img\/default-picture-709x366_c.jpg","fifu_image_alt":"Le r\u00e9quisitoire du Parti des travailleurs","footnotes":""},"categories":[73,53],"tags":[],"class_list":["post-124467","post","type-post","status-publish","format-standard","hentry","category-actualite","category-algerie"],"_links":{"self":[{"href":"https:\/\/linitiative.ca\/International\/wp-json\/wp\/v2\/posts\/124467","targetHints":{"allow":["GET"]}}],"collection":[{"href":"https:\/\/linitiative.ca\/International\/wp-json\/wp\/v2\/posts"}],"about":[{"href":"https:\/\/linitiative.ca\/International\/wp-json\/wp\/v2\/types\/post"}],"author":[{"embeddable":true,"href":"https:\/\/linitiative.ca\/International\/wp-json\/wp\/v2\/users\/1743"}],"replies":[{"embeddable":true,"href":"https:\/\/linitiative.ca\/International\/wp-json\/wp\/v2\/comments?post=124467"}],"version-history":[{"count":0,"href":"https:\/\/linitiative.ca\/International\/wp-json\/wp\/v2\/posts\/124467\/revisions"}],"wp:attachment":[{"href":"https:\/\/linitiative.ca\/International\/wp-json\/wp\/v2\/media?parent=124467"}],"wp:term":[{"taxonomy":"category","embeddable":true,"href":"https:\/\/linitiative.ca\/International\/wp-json\/wp\/v2\/categories?post=124467"},{"taxonomy":"post_tag","embeddable":true,"href":"https:\/\/linitiative.ca\/International\/wp-json\/wp\/v2\/tags?post=124467"}],"curies":[{"name":"wp","href":"https:\/\/api.w.org\/{rel}","templated":true}]}}