{"id":124469,"date":"2021-08-18T06:35:24","date_gmt":"2021-08-18T10:35:24","guid":{"rendered":"https:\/\/linitiative.ca\/International\/appels-a-la-haine-sur-les-reseaux-sociaux-la-ladh-saisit-le-parquet-de-annaba\/"},"modified":"2021-08-18T06:35:24","modified_gmt":"2021-08-18T10:35:24","slug":"appels-a-la-haine-sur-les-reseaux-sociaux-la-ladh-saisit-le-parquet-de-annaba","status":"publish","type":"post","link":"https:\/\/linitiative.ca\/International\/appels-a-la-haine-sur-les-reseaux-sociaux-la-ladh-saisit-le-parquet-de-annaba\/","title":{"rendered":"Appels \u00e0 la haine sur les r\u00e9seaux sociaux : La LADH saisit le parquet de Annaba"},"content":{"rendered":"<div>\n<div class=\"sriret\"><img decoding=\"async\" src=\"https:\/\/linitiative.ca\/International\/wp-content\/uploads\/sites\/23\/2021\/08\/default-picture-709x366_c-37.jpg\"><\/div>\n<p>Apr\u00e8s l\u2019arrestation par les services de s\u00e9curit\u00e9 des pr\u00e9sum\u00e9s participants au crime crapuleux perp\u00e9tr\u00e9 contre Djamel Bensma\u00efl \u00e0 Larba\u00e2 Nath Irathen (Tizi Ouzou), c\u2019est au tour de la Ligue alg\u00e9rienne des droits de l\u2019homme (LADH) d\u2019agir contre les auteurs des appels \u00e0 la haine raciale.<\/p>\n<p>Elle a instruit, hier, son repr\u00e9sentant du bureau de la wilaya de Annaba \u00e0 l\u2019effet de saisir la justice locale. Ce qui a \u00e9t\u00e9 fait. \u00abMe Kheireddine Mohamed Lamine a introduit ce mardi 17 ao\u00fbt 2021 (hier), une plainte contre X aupr\u00e8s du procureur de la R\u00e9publique pr\u00e8s le tribunal de Annaba afin que tous les individus ayant pris part \u00e0 cette vid\u00e9o soient identifi\u00e9s et jug\u00e9s pour \u2018\u2018discours de la haine comprenant un appel \u00e0 la violence\u2019\u2019, conform\u00e9ment \u00e0 l\u2019article 32 de la loi sur la lutte contre la discrimination et le discours de haine\u00bb, a annonc\u00e9, hier, la LADH dans un communiqu\u00e9, sign\u00e9 par son pr\u00e9sident, Me Mokhtar Bensa\u00efd.<\/p>\n<p>*Retrouvez l\u2019int\u00e9gralit\u00e9 de nos articles sur la version papier<\/p>\n<p>L\u2019article <a rel=\"nofollow\" href=\"https:\/\/www.elwatan.com\/edition\/actualite\/appels-a-la-haine-sur-les-reseaux-sociaux-la-ladh-saisit-le-parquet-de-annaba-18-08-2021\">Appels \u00e0 la haine sur les r\u00e9seaux sociaux : La LADH saisit le parquet de Annaba<\/a> est apparu en premier sur <a rel=\"nofollow\" href=\"https:\/\/www.elwatan.com\/\">El Watan<\/a>.<\/p>\n<\/div>\n<p>Auteur: Hicham Chouadria<br \/>\n<a href=\"https:\/\/www.elwatan.com\/edition\/actualite\/appels-a-la-haine-sur-les-reseaux-sociaux-la-ladh-saisit-le-parquet-de-annaba-18-08-2021\">Cliquez ici pour lire l&rsquo;article depuis sa source.<\/a><\/p>\n","protected":false},"excerpt":{"rendered":"<p>Apr\u00e8s l\u2019arrestation par les services de s\u00e9curit\u00e9 des pr\u00e9sum\u00e9s participants au crime crapuleux perp\u00e9tr\u00e9 contre Djamel Bensma\u00efl \u00e0 Larba\u00e2 Nath Irathen (Tizi Ouzou), c\u2019est au tour de la Ligue alg\u00e9rienne des droits de l\u2019homme (LADH) d\u2019agir contre les auteurs des appels \u00e0 la haine raciale. Elle a instruit, hier, son repr\u00e9sentant du bureau de la [&hellip;]<\/p>\n","protected":false},"author":1743,"featured_media":0,"comment_status":"closed","ping_status":"closed","sticky":false,"template":"","format":"standard","meta":{"fifu_image_url":"https:\/\/www.elwatan.com\/wp-content\/themes\/spectr\/img\/default-picture-709x366_c.jpg","fifu_image_alt":"Appels \u00e0 la haine sur les r\u00e9seaux sociaux : La LADH saisit le parquet de Annaba","footnotes":""},"categories":[73,53],"tags":[],"class_list":["post-124469","post","type-post","status-publish","format-standard","hentry","category-actualite","category-algerie"],"_links":{"self":[{"href":"https:\/\/linitiative.ca\/International\/wp-json\/wp\/v2\/posts\/124469","targetHints":{"allow":["GET"]}}],"collection":[{"href":"https:\/\/linitiative.ca\/International\/wp-json\/wp\/v2\/posts"}],"about":[{"href":"https:\/\/linitiative.ca\/International\/wp-json\/wp\/v2\/types\/post"}],"author":[{"embeddable":true,"href":"https:\/\/linitiative.ca\/International\/wp-json\/wp\/v2\/users\/1743"}],"replies":[{"embeddable":true,"href":"https:\/\/linitiative.ca\/International\/wp-json\/wp\/v2\/comments?post=124469"}],"version-history":[{"count":0,"href":"https:\/\/linitiative.ca\/International\/wp-json\/wp\/v2\/posts\/124469\/revisions"}],"wp:attachment":[{"href":"https:\/\/linitiative.ca\/International\/wp-json\/wp\/v2\/media?parent=124469"}],"wp:term":[{"taxonomy":"category","embeddable":true,"href":"https:\/\/linitiative.ca\/International\/wp-json\/wp\/v2\/categories?post=124469"},{"taxonomy":"post_tag","embeddable":true,"href":"https:\/\/linitiative.ca\/International\/wp-json\/wp\/v2\/tags?post=124469"}],"curies":[{"name":"wp","href":"https:\/\/api.w.org\/{rel}","templated":true}]}}