{"id":124471,"date":"2021-08-18T06:40:52","date_gmt":"2021-08-18T10:40:52","guid":{"rendered":"https:\/\/linitiative.ca\/International\/le-mak-dans-le-collimateur\/"},"modified":"2021-08-18T06:40:52","modified_gmt":"2021-08-18T10:40:52","slug":"le-mak-dans-le-collimateur","status":"publish","type":"post","link":"https:\/\/linitiative.ca\/International\/le-mak-dans-le-collimateur\/","title":{"rendered":"Le MAK dans le collimateur ?"},"content":{"rendered":"<div>\n<div class=\"sriret\"><img decoding=\"async\" src=\"https:\/\/linitiative.ca\/International\/wp-content\/uploads\/sites\/23\/2021\/08\/default-picture-709x366_c-38.jpg\"><\/div>\n<p>Alors que l\u2019enqu\u00eate sur les circonstances de l\u2019ignoble assassinat du jeune Djamel Bensma\u00efl, \u00e0 Larb\u00e2a Nath Irathen, wilaya de Tizi Ouzou, le 10 ao\u00fbt dernier, avance rapidement avec l\u2019annonce de l\u2019arrestation, au cours des derni\u00e8res 48 heures, de 25 nouveaux suspects, dont deux s\u2019appr\u00eataient \u00e0 quitter le pays clandestinement \u00e0 partir d\u2019Oran, et la r\u00e9cup\u00e9ration du t\u00e9l\u00e9phone de la victime, une nouvelle longue vid\u00e9o, diffus\u00e9e sur les r\u00e9seaux sociaux, montre \u00e0 quel moment et dans quelle condition l\u2019abjecte ex\u00e9cution de Djamel Bensma\u00efl a \u00e9t\u00e9 prise et par qui elle a \u00e9t\u00e9 d\u00e9cid\u00e9e.<\/p>\n<p>*Retrouvez l\u2019int\u00e9gralit\u00e9 de nos articles sur la version papier<\/p>\n<p>L\u2019article <a rel=\"nofollow\" href=\"https:\/\/www.elwatan.com\/a-la-une\/le-mak-dans-le-collimateur-18-08-2021\">Le MAK dans le collimateur ?<\/a> est apparu en premier sur <a rel=\"nofollow\" href=\"https:\/\/www.elwatan.com\/\">El Watan<\/a>.<\/p>\n<\/div>\n<p>Auteur: Hicham Chouadria<br \/>\n<a href=\"https:\/\/www.elwatan.com\/a-la-une\/le-mak-dans-le-collimateur-18-08-2021\">Cliquez ici pour lire l&rsquo;article depuis sa source.<\/a><\/p>\n","protected":false},"excerpt":{"rendered":"<p>Alors que l\u2019enqu\u00eate sur les circonstances de l\u2019ignoble assassinat du jeune Djamel Bensma\u00efl, \u00e0 Larb\u00e2a Nath Irathen, wilaya de Tizi Ouzou, le 10 ao\u00fbt dernier, avance rapidement avec l\u2019annonce de l\u2019arrestation, au cours des derni\u00e8res 48 heures, de 25 nouveaux suspects, dont deux s\u2019appr\u00eataient \u00e0 quitter le pays clandestinement \u00e0 partir d\u2019Oran, et la r\u00e9cup\u00e9ration [&hellip;]<\/p>\n","protected":false},"author":1743,"featured_media":0,"comment_status":"closed","ping_status":"closed","sticky":false,"template":"","format":"standard","meta":{"fifu_image_url":"https:\/\/www.elwatan.com\/wp-content\/themes\/spectr\/img\/default-picture-709x366_c.jpg","fifu_image_alt":"Le MAK dans le collimateur ?","footnotes":""},"categories":[73,53],"tags":[],"class_list":["post-124471","post","type-post","status-publish","format-standard","hentry","category-actualite","category-algerie"],"_links":{"self":[{"href":"https:\/\/linitiative.ca\/International\/wp-json\/wp\/v2\/posts\/124471","targetHints":{"allow":["GET"]}}],"collection":[{"href":"https:\/\/linitiative.ca\/International\/wp-json\/wp\/v2\/posts"}],"about":[{"href":"https:\/\/linitiative.ca\/International\/wp-json\/wp\/v2\/types\/post"}],"author":[{"embeddable":true,"href":"https:\/\/linitiative.ca\/International\/wp-json\/wp\/v2\/users\/1743"}],"replies":[{"embeddable":true,"href":"https:\/\/linitiative.ca\/International\/wp-json\/wp\/v2\/comments?post=124471"}],"version-history":[{"count":0,"href":"https:\/\/linitiative.ca\/International\/wp-json\/wp\/v2\/posts\/124471\/revisions"}],"wp:attachment":[{"href":"https:\/\/linitiative.ca\/International\/wp-json\/wp\/v2\/media?parent=124471"}],"wp:term":[{"taxonomy":"category","embeddable":true,"href":"https:\/\/linitiative.ca\/International\/wp-json\/wp\/v2\/categories?post=124471"},{"taxonomy":"post_tag","embeddable":true,"href":"https:\/\/linitiative.ca\/International\/wp-json\/wp\/v2\/tags?post=124471"}],"curies":[{"name":"wp","href":"https:\/\/api.w.org\/{rel}","templated":true}]}}