{"id":124473,"date":"2021-08-18T09:18:13","date_gmt":"2021-08-18T13:18:13","guid":{"rendered":"https:\/\/linitiative.ca\/International\/education-la-rentree-scolaire-reportee-au-21-septembre\/"},"modified":"2021-08-18T09:18:13","modified_gmt":"2021-08-18T13:18:13","slug":"education-la-rentree-scolaire-reportee-au-21-septembre","status":"publish","type":"post","link":"https:\/\/linitiative.ca\/International\/education-la-rentree-scolaire-reportee-au-21-septembre\/","title":{"rendered":"Education : La rentr\u00e9e scolaire report\u00e9e au 21 septembre"},"content":{"rendered":"<div>\n<div class=\"sriret\"><img decoding=\"async\" src=\"https:\/\/linitiative.ca\/International\/wp-content\/uploads\/sites\/23\/2021\/08\/default-picture-709x366_c-39.jpg\"><\/div>\n<p>La date de la rentr\u00e9e scolaire pour l\u2019ann\u00e9e 2021\/2022 a \u00e9t\u00e9 fix\u00e9e finalement au 21 septembre prochain. C\u2019est ce qu\u2019a indiqu\u00e9 le minist\u00e8re de l\u2019Education nationale dans un communiqu\u00e9 rendu public aujourd\u2019hui mercredi 18 ao\u00fbt.<\/p>\n<p>A noter que le personnel administratif d\u00e9butera le travail le 1er septembre alors que la rentr\u00e9e des enseignants se fera le 7 du m\u00eame mois. Au mois de juillet dernier, ce m\u00eame d\u00e9partement avait fix\u00e9 la date de la rentr\u00e9e pour le 7 septembre. Mais entre temps, la situation sanitaire dans le pays s\u2019est d\u00e9t\u00e9rior\u00e9e. Ceci en plus des incendies qui ont touch\u00e9s plusieurs r\u00e9gions du pays tous r\u00e9cemment. Des syndicats avaient d\u00e9j\u00e0 r\u00e9clam\u00e9 le report de la rentr\u00e9e. Aujourd\u2019hui, le minist\u00e8re de l\u2019Education tranche en optant pour la date du 21 septembre.<\/p>\n<p style=\"text-align: right;\"><em><strong>R\u00e9daction web<\/strong><\/em><\/p>\n<p>L\u2019article <a rel=\"nofollow\" href=\"https:\/\/www.elwatan.com\/edition\/actualite\/education-la-rentree-scolaire-reportee-au-21-septembre-18-08-2021\">Education : La rentr\u00e9e scolaire report\u00e9e au 21 septembre<\/a> est apparu en premier sur <a rel=\"nofollow\" href=\"https:\/\/www.elwatan.com\/\">El Watan<\/a>.<\/p>\n<\/div>\n<p>Auteur: Mohand Yahiaoui<br \/>\n<a href=\"https:\/\/www.elwatan.com\/edition\/actualite\/education-la-rentree-scolaire-reportee-au-21-septembre-18-08-2021\">Cliquez ici pour lire l&rsquo;article depuis sa source.<\/a><\/p>\n","protected":false},"excerpt":{"rendered":"<p>La date de la rentr\u00e9e scolaire pour l\u2019ann\u00e9e 2021\/2022 a \u00e9t\u00e9 fix\u00e9e finalement au 21 septembre prochain. C\u2019est ce qu\u2019a indiqu\u00e9 le minist\u00e8re de l\u2019Education nationale dans un communiqu\u00e9 rendu public aujourd\u2019hui mercredi 18 ao\u00fbt. A noter que le personnel administratif d\u00e9butera le travail le 1er septembre alors que la rentr\u00e9e des enseignants se fera [&hellip;]<\/p>\n","protected":false},"author":1743,"featured_media":0,"comment_status":"closed","ping_status":"closed","sticky":false,"template":"","format":"standard","meta":{"fifu_image_url":"https:\/\/www.elwatan.com\/wp-content\/themes\/spectr\/img\/default-picture-709x366_c.jpg","fifu_image_alt":"Education : La rentr\u00e9e scolaire report\u00e9e au 21 septembre","footnotes":""},"categories":[73,53],"tags":[],"class_list":["post-124473","post","type-post","status-publish","format-standard","hentry","category-actualite","category-algerie"],"_links":{"self":[{"href":"https:\/\/linitiative.ca\/International\/wp-json\/wp\/v2\/posts\/124473","targetHints":{"allow":["GET"]}}],"collection":[{"href":"https:\/\/linitiative.ca\/International\/wp-json\/wp\/v2\/posts"}],"about":[{"href":"https:\/\/linitiative.ca\/International\/wp-json\/wp\/v2\/types\/post"}],"author":[{"embeddable":true,"href":"https:\/\/linitiative.ca\/International\/wp-json\/wp\/v2\/users\/1743"}],"replies":[{"embeddable":true,"href":"https:\/\/linitiative.ca\/International\/wp-json\/wp\/v2\/comments?post=124473"}],"version-history":[{"count":0,"href":"https:\/\/linitiative.ca\/International\/wp-json\/wp\/v2\/posts\/124473\/revisions"}],"wp:attachment":[{"href":"https:\/\/linitiative.ca\/International\/wp-json\/wp\/v2\/media?parent=124473"}],"wp:term":[{"taxonomy":"category","embeddable":true,"href":"https:\/\/linitiative.ca\/International\/wp-json\/wp\/v2\/categories?post=124473"},{"taxonomy":"post_tag","embeddable":true,"href":"https:\/\/linitiative.ca\/International\/wp-json\/wp\/v2\/tags?post=124473"}],"curies":[{"name":"wp","href":"https:\/\/api.w.org\/{rel}","templated":true}]}}