{"id":124475,"date":"2021-08-18T13:47:09","date_gmt":"2021-08-18T17:47:09","guid":{"rendered":"https:\/\/linitiative.ca\/International\/feux-de-forets-et-assassinat-de-djamel-bensmail-le-haut-conseil-de-securite-accuse-le-mak-et-rachad\/"},"modified":"2021-08-18T13:47:09","modified_gmt":"2021-08-18T17:47:09","slug":"feux-de-forets-et-assassinat-de-djamel-bensmail-le-haut-conseil-de-securite-accuse-le-mak-et-rachad","status":"publish","type":"post","link":"https:\/\/linitiative.ca\/International\/feux-de-forets-et-assassinat-de-djamel-bensmail-le-haut-conseil-de-securite-accuse-le-mak-et-rachad\/","title":{"rendered":"Feux de forets et assassinat de Djamel Bensmail : Le Haut conseil de s\u00e9curit\u00e9 accuse le MAK et Rachad"},"content":{"rendered":"<div>\n<div class=\"sriret\"><img loading=\"lazy\" decoding=\"async\" width=\"1500\" height=\"998\" src=\"https:\/\/linitiative.ca\/International\/wp-content\/uploads\/sites\/23\/2021\/08\/FEUX.gif\" class=\"attachment-featured_large size-featured_large wp-post-image\" alt=\"\" style=\"margin-bottom: 15px;\"><\/div>\n<p>Le Haut conseil de s\u00e9curit\u00e9 (HCS), qui a tenu une r\u00e9union aujourd\u2019hui, mercredi 18 ao\u00fbt, sous la Pr\u00e9sidence de Abdelmadjid Tebboune, a accus\u00e9 le MAK (Mouvement pour l\u2019autod\u00e9termination de la Kabylie) et Rachad, d\u2019\u00eatre derri\u00e8re les feux de forets qui se sont d\u00e9clench\u00e9s dans les pays et l\u2019assassinat du jeune Djamel Bensmail.<\/p>\n<p>\u00abEn plus de la prise en charge des victimes, le Haut conseil de s\u00e9curit\u00e9 a d\u00e9cid\u00e9 que les services de s\u00e9curit\u00e9 redoubleront d\u2019efforts pour arr\u00eater les autres personnes impliqu\u00e9es dans ces deux crimes, et tous ceux qui appartiennent \u00e0 ces deux organisations terroristes qui menacent le s\u00e9curit\u00e9 publique et l\u2019unit\u00e9 nationale, jusqu\u2019\u00e0 leur \u00e9radication totale, notamment le MAK qui b\u00e9n\u00e9ficie du soutien et de l\u2019aide de parties \u00e9trang\u00e8res surtout le Maroc et l\u2019entit\u00e9 sioniste, alors que les actes belliqueux du Maroc \u00e0 l\u2019endroit de l\u2019Alg\u00e9rie n\u00e9cessite la reconsid\u00e9ration des relations entre les deux pays et le renforcement de la surveillance au niveau des fronti\u00e8res Ouest du pays\u00bb, lit-on dans le communiqu\u00e9 de la pr\u00e9sidence de la R\u00e9publique.<\/p>\n<p style=\"text-align: right;\"><strong><em>R\u00e9daction web<\/em><\/strong><\/p>\n<p>L\u2019article <a rel=\"nofollow\" href=\"https:\/\/www.elwatan.com\/edition\/actualite\/feux-de-forets-et-assassinat-de-djamel-bensmail-le-haut-conseil-de-securite-accuse-le-mak-et-rachad-18-08-2021\">Feux de forets et assassinat de Djamel Bensmail : Le Haut conseil de s\u00e9curit\u00e9 accuse le MAK et Rachad<\/a> est apparu en premier sur <a rel=\"nofollow\" href=\"https:\/\/www.elwatan.com\/\">El Watan<\/a>.<\/p>\n<\/div>\n<p>Auteur: Mohand Yahiaoui<br \/>\n<a href=\"https:\/\/www.elwatan.com\/edition\/actualite\/feux-de-forets-et-assassinat-de-djamel-bensmail-le-haut-conseil-de-securite-accuse-le-mak-et-rachad-18-08-2021\">Cliquez ici pour lire l&rsquo;article depuis sa source.<\/a><\/p>\n","protected":false},"excerpt":{"rendered":"<p>Le Haut conseil de s\u00e9curit\u00e9 (HCS), qui a tenu une r\u00e9union aujourd\u2019hui, mercredi 18 ao\u00fbt, sous la Pr\u00e9sidence de Abdelmadjid Tebboune, a accus\u00e9 le MAK (Mouvement pour l\u2019autod\u00e9termination de la Kabylie) et Rachad, d\u2019\u00eatre derri\u00e8re les feux de forets qui se sont d\u00e9clench\u00e9s dans les pays et l\u2019assassinat du jeune Djamel Bensmail. \u00abEn plus de [&hellip;]<\/p>\n","protected":false},"author":1743,"featured_media":0,"comment_status":"closed","ping_status":"closed","sticky":false,"template":"","format":"standard","meta":{"fifu_image_url":"https:\/\/www.elwatan.com\/wp-content\/uploads\/2021\/07\/FEUX.gif","fifu_image_alt":"Feux de forets et assassinat de Djamel Bensmail : Le Haut conseil de s\u00e9curit\u00e9 accuse le MAK et Rachad","footnotes":""},"categories":[73,53],"tags":[],"class_list":["post-124475","post","type-post","status-publish","format-standard","hentry","category-actualite","category-algerie"],"_links":{"self":[{"href":"https:\/\/linitiative.ca\/International\/wp-json\/wp\/v2\/posts\/124475","targetHints":{"allow":["GET"]}}],"collection":[{"href":"https:\/\/linitiative.ca\/International\/wp-json\/wp\/v2\/posts"}],"about":[{"href":"https:\/\/linitiative.ca\/International\/wp-json\/wp\/v2\/types\/post"}],"author":[{"embeddable":true,"href":"https:\/\/linitiative.ca\/International\/wp-json\/wp\/v2\/users\/1743"}],"replies":[{"embeddable":true,"href":"https:\/\/linitiative.ca\/International\/wp-json\/wp\/v2\/comments?post=124475"}],"version-history":[{"count":0,"href":"https:\/\/linitiative.ca\/International\/wp-json\/wp\/v2\/posts\/124475\/revisions"}],"wp:attachment":[{"href":"https:\/\/linitiative.ca\/International\/wp-json\/wp\/v2\/media?parent=124475"}],"wp:term":[{"taxonomy":"category","embeddable":true,"href":"https:\/\/linitiative.ca\/International\/wp-json\/wp\/v2\/categories?post=124475"},{"taxonomy":"post_tag","embeddable":true,"href":"https:\/\/linitiative.ca\/International\/wp-json\/wp\/v2\/tags?post=124475"}],"curies":[{"name":"wp","href":"https:\/\/api.w.org\/{rel}","templated":true}]}}