{"id":124477,"date":"2021-08-18T03:52:00","date_gmt":"2021-08-18T07:52:00","guid":{"rendered":"https:\/\/linitiative.ca\/International\/tunisie-le-terrorisme-en-toile-de-fond\/"},"modified":"2021-08-18T03:52:00","modified_gmt":"2021-08-18T07:52:00","slug":"tunisie-le-terrorisme-en-toile-de-fond","status":"publish","type":"post","link":"https:\/\/linitiative.ca\/International\/tunisie-le-terrorisme-en-toile-de-fond\/","title":{"rendered":"Tunisie: Le terrorisme en toile de fond"},"content":{"rendered":"<div><img decoding=\"async\" src=\"https:\/\/linitiative.ca\/International\/wp-content\/uploads\/sites\/23\/2021\/08\/1629270698_article.jpg\" alt=\"Tunisie: Le terrorisme en toile de fond\" align=\"left\">Me Imen Gzara et ses co\u00e9quipiers ne pouvaient laisser filer une occasion en or : l\u2019acc\u00e8s aux dossiers de centaines d\u2019affaires li\u00e9es au terrorisme et l\u2019analyse de dizaines de milliers de documents ins\u00e9r\u00e9s. Des preuves irr\u00e9futables et des d\u00e9tails accablants, patiemment recueillis telles des p\u00e9pites iront consolider fortement le dossier de l\u2019assassinat de Bela\u00efd et Brahmi. Mais, d\u2019autres donn\u00e9es s\u2019av\u00e8rent instructives pour comprendre l\u2019\u00e9cosyst\u00e8me dans son entier.<br \/>\nEn toile de fond de cette n\u00e9buleuse salafiste, Me Gzara d\u00e9couvre en effet des indicateurs \u00e9difiants quant au terrorisme en Tunisie. Rien qu\u2019en \u00e9tudiant les affaires en justice, on peut en effet &#8230;<\/p>\n<\/div>\n<p>Auteur:<br \/>\n<a href=\"https:\/\/www.leaders.com.tn\/article\/32300-tunisie-le-terrorisme-en-toile-de-fond\">Cliquez ici pour lire l&rsquo;article depuis sa source.<\/a><\/p>\n","protected":false},"excerpt":{"rendered":"<p>Me Imen Gzara et ses co\u00e9quipiers ne pouvaient laisser filer une occasion en or : l\u2019acc\u00e8s aux dossiers de centaines d\u2019affaires li\u00e9es au terrorisme et l\u2019analyse de dizaines de milliers de documents ins\u00e9r\u00e9s. Des preuves irr\u00e9futables et des d\u00e9tails accablants, patiemment recueillis telles des p\u00e9pites iront consolider fortement le dossier de l\u2019assassinat de Bela\u00efd et [&hellip;]<\/p>\n","protected":false},"author":1772,"featured_media":0,"comment_status":"closed","ping_status":"closed","sticky":false,"template":"","format":"standard","meta":{"fifu_image_url":"http:\/\/www.leaders.com.tn\/uploads\/content\/thumbnails_small\/1629270698_article.jpg","fifu_image_alt":"Tunisie: Le terrorisme en toile de fond","footnotes":""},"categories":[73,55],"tags":[],"class_list":["post-124477","post","type-post","status-publish","format-standard","hentry","category-actualite","category-tunisie"],"_links":{"self":[{"href":"https:\/\/linitiative.ca\/International\/wp-json\/wp\/v2\/posts\/124477","targetHints":{"allow":["GET"]}}],"collection":[{"href":"https:\/\/linitiative.ca\/International\/wp-json\/wp\/v2\/posts"}],"about":[{"href":"https:\/\/linitiative.ca\/International\/wp-json\/wp\/v2\/types\/post"}],"author":[{"embeddable":true,"href":"https:\/\/linitiative.ca\/International\/wp-json\/wp\/v2\/users\/1772"}],"replies":[{"embeddable":true,"href":"https:\/\/linitiative.ca\/International\/wp-json\/wp\/v2\/comments?post=124477"}],"version-history":[{"count":0,"href":"https:\/\/linitiative.ca\/International\/wp-json\/wp\/v2\/posts\/124477\/revisions"}],"wp:attachment":[{"href":"https:\/\/linitiative.ca\/International\/wp-json\/wp\/v2\/media?parent=124477"}],"wp:term":[{"taxonomy":"category","embeddable":true,"href":"https:\/\/linitiative.ca\/International\/wp-json\/wp\/v2\/categories?post=124477"},{"taxonomy":"post_tag","embeddable":true,"href":"https:\/\/linitiative.ca\/International\/wp-json\/wp\/v2\/tags?post=124477"}],"curies":[{"name":"wp","href":"https:\/\/api.w.org\/{rel}","templated":true}]}}