{"id":124493,"date":"2021-08-18T16:18:48","date_gmt":"2021-08-18T20:18:48","guid":{"rendered":"https:\/\/linitiative.ca\/International\/feriana-tentative-de-franchissement-illegal-des-frontieres-algero-tunisiennes\/"},"modified":"2021-08-18T16:18:48","modified_gmt":"2021-08-18T20:18:48","slug":"feriana-tentative-de-franchissement-illegal-des-frontieres-algero-tunisiennes","status":"publish","type":"post","link":"https:\/\/linitiative.ca\/International\/feriana-tentative-de-franchissement-illegal-des-frontieres-algero-tunisiennes\/","title":{"rendered":"Feriana: Tentative de franchissement ill\u00e9gal des fronti\u00e8res alg\u00e9ro-tunisiennes"},"content":{"rendered":"<div>\n<p>Une patrouille conjointe entre l\u2019\u00e9quipe d\u2019agents frontaliers de Feriana et l\u2019\u00e9quipe frontaliers mobiles a r\u00e9ussi le 18 ao\u00fbt 2021, \u00e0 d\u00e9jouer l\u2019entr\u00e9e ill\u00e9gale de 20 individus \u00e9trangers sur le sol tunisien avec la complicit\u00e9 d\u2019un tunisien qui les a transport\u00e9s \u00e0 bord de son v\u00e9hicule. Une fois les \u00e9quipes frontali\u00e8res sur place, ce dernier a [\u2026]<\/p>\n<p>L\u2019article <a href=\"https:\/\/www.tunisienumerique.com\/feriana-tentative-de-franchissement-illegal-des-frontieres-algero-tunisiennes\/\">Feriana: Tentative de franchissement ill\u00e9gal des fronti\u00e8res alg\u00e9ro-tunisiennes<\/a> est apparu en premier sur <a href=\"http:\/\/www.tunisienumerique.com\/\">Tunisie<\/a>.<\/p>\n<\/div>\n<p>Auteur: rania ben slimane<br \/>\n<a href=\"https:\/\/www.tunisienumerique.com\/feriana-tentative-de-franchissement-illegal-des-frontieres-algero-tunisiennes\/\">Cliquez ici pour lire l&rsquo;article depuis sa source.<\/a><\/p>\n","protected":false},"excerpt":{"rendered":"<p>Une patrouille conjointe entre l\u2019\u00e9quipe d\u2019agents frontaliers de Feriana et l\u2019\u00e9quipe frontaliers mobiles a r\u00e9ussi le 18 ao\u00fbt 2021, \u00e0 d\u00e9jouer l\u2019entr\u00e9e ill\u00e9gale de 20 individus \u00e9trangers sur le sol tunisien avec la complicit\u00e9 d\u2019un tunisien qui les a transport\u00e9s \u00e0 bord de son v\u00e9hicule. Une fois les \u00e9quipes frontali\u00e8res sur place, ce dernier a [&hellip;]<\/p>\n","protected":false},"author":1789,"featured_media":0,"comment_status":"closed","ping_status":"closed","sticky":false,"template":"","format":"standard","meta":{"fifu_image_url":"","fifu_image_alt":"","footnotes":""},"categories":[73,55],"tags":[],"class_list":["post-124493","post","type-post","status-publish","format-standard","hentry","category-actualite","category-tunisie"],"_links":{"self":[{"href":"https:\/\/linitiative.ca\/International\/wp-json\/wp\/v2\/posts\/124493","targetHints":{"allow":["GET"]}}],"collection":[{"href":"https:\/\/linitiative.ca\/International\/wp-json\/wp\/v2\/posts"}],"about":[{"href":"https:\/\/linitiative.ca\/International\/wp-json\/wp\/v2\/types\/post"}],"author":[{"embeddable":true,"href":"https:\/\/linitiative.ca\/International\/wp-json\/wp\/v2\/users\/1789"}],"replies":[{"embeddable":true,"href":"https:\/\/linitiative.ca\/International\/wp-json\/wp\/v2\/comments?post=124493"}],"version-history":[{"count":0,"href":"https:\/\/linitiative.ca\/International\/wp-json\/wp\/v2\/posts\/124493\/revisions"}],"wp:attachment":[{"href":"https:\/\/linitiative.ca\/International\/wp-json\/wp\/v2\/media?parent=124493"}],"wp:term":[{"taxonomy":"category","embeddable":true,"href":"https:\/\/linitiative.ca\/International\/wp-json\/wp\/v2\/categories?post=124493"},{"taxonomy":"post_tag","embeddable":true,"href":"https:\/\/linitiative.ca\/International\/wp-json\/wp\/v2\/tags?post=124493"}],"curies":[{"name":"wp","href":"https:\/\/api.w.org\/{rel}","templated":true}]}}