{"id":124495,"date":"2021-08-18T16:28:20","date_gmt":"2021-08-18T20:28:20","guid":{"rendered":"https:\/\/linitiative.ca\/International\/tunisie-zaghouan-arrestation-de-deux-gardes-forestiers-suspectes-dimplication-dans-des-feux-de-foret\/"},"modified":"2021-08-18T16:28:20","modified_gmt":"2021-08-18T20:28:20","slug":"tunisie-zaghouan-arrestation-de-deux-gardes-forestiers-suspectes-dimplication-dans-des-feux-de-foret","status":"publish","type":"post","link":"https:\/\/linitiative.ca\/International\/tunisie-zaghouan-arrestation-de-deux-gardes-forestiers-suspectes-dimplication-dans-des-feux-de-foret\/","title":{"rendered":"Tunisie \u2013 Zaghouan\u00a0: arrestation de deux gardes forestiers suspect\u00e9s d\u2019implication dans des feux de for\u00eat"},"content":{"rendered":"<div>\n<p>Des sources aupr\u00e8s du district de la garde nationale de Zaghouan ont assur\u00e9 que deux gardes forestiers ont \u00e9t\u00e9 arr\u00eat\u00e9s, dans le cadre de l\u2019enqu\u00eate autour de la cause du feu de for\u00eat qui a d\u00e9vor\u00e9, la semaine \u00e9coul\u00e9e, une bonne partie de la for\u00eat de Jebel Oum Laboueb au Fahs. Les deux agents sont [\u2026]<\/p>\n<p>L\u2019article <a href=\"https:\/\/www.tunisienumerique.com\/tunisie-zaghouan-arrestation-de-deux-gardes-forestiers-suspectes-dimplication-dans-des-feux-de-foret\/\">Tunisie \u2013 Zaghouan\u00a0: arrestation de deux gardes forestiers suspect\u00e9s d\u2019implication dans des feux de for\u00eat<\/a> est apparu en premier sur <a href=\"http:\/\/www.tunisienumerique.com\/\">Tunisie<\/a>.<\/p>\n<\/div>\n<p>Auteur: LM<br \/>\n<a href=\"https:\/\/www.tunisienumerique.com\/tunisie-zaghouan-arrestation-de-deux-gardes-forestiers-suspectes-dimplication-dans-des-feux-de-foret\/\">Cliquez ici pour lire l&rsquo;article depuis sa source.<\/a><\/p>\n","protected":false},"excerpt":{"rendered":"<p>Des sources aupr\u00e8s du district de la garde nationale de Zaghouan ont assur\u00e9 que deux gardes forestiers ont \u00e9t\u00e9 arr\u00eat\u00e9s, dans le cadre de l\u2019enqu\u00eate autour de la cause du feu de for\u00eat qui a d\u00e9vor\u00e9, la semaine \u00e9coul\u00e9e, une bonne partie de la for\u00eat de Jebel Oum Laboueb au Fahs. Les deux agents sont [&hellip;]<\/p>\n","protected":false},"author":1789,"featured_media":0,"comment_status":"closed","ping_status":"closed","sticky":false,"template":"","format":"standard","meta":{"fifu_image_url":"","fifu_image_alt":"","footnotes":""},"categories":[73,55],"tags":[],"class_list":["post-124495","post","type-post","status-publish","format-standard","hentry","category-actualite","category-tunisie"],"_links":{"self":[{"href":"https:\/\/linitiative.ca\/International\/wp-json\/wp\/v2\/posts\/124495","targetHints":{"allow":["GET"]}}],"collection":[{"href":"https:\/\/linitiative.ca\/International\/wp-json\/wp\/v2\/posts"}],"about":[{"href":"https:\/\/linitiative.ca\/International\/wp-json\/wp\/v2\/types\/post"}],"author":[{"embeddable":true,"href":"https:\/\/linitiative.ca\/International\/wp-json\/wp\/v2\/users\/1789"}],"replies":[{"embeddable":true,"href":"https:\/\/linitiative.ca\/International\/wp-json\/wp\/v2\/comments?post=124495"}],"version-history":[{"count":0,"href":"https:\/\/linitiative.ca\/International\/wp-json\/wp\/v2\/posts\/124495\/revisions"}],"wp:attachment":[{"href":"https:\/\/linitiative.ca\/International\/wp-json\/wp\/v2\/media?parent=124495"}],"wp:term":[{"taxonomy":"category","embeddable":true,"href":"https:\/\/linitiative.ca\/International\/wp-json\/wp\/v2\/categories?post=124495"},{"taxonomy":"post_tag","embeddable":true,"href":"https:\/\/linitiative.ca\/International\/wp-json\/wp\/v2\/tags?post=124495"}],"curies":[{"name":"wp","href":"https:\/\/api.w.org\/{rel}","templated":true}]}}