{"id":124496,"date":"2021-08-18T16:34:44","date_gmt":"2021-08-18T20:34:44","guid":{"rendered":"https:\/\/linitiative.ca\/International\/tunisie-augmentation-de-plus-de-60-du-phenomene-de-la-vente-des-bebes\/"},"modified":"2021-08-18T16:34:44","modified_gmt":"2021-08-18T20:34:44","slug":"tunisie-augmentation-de-plus-de-60-du-phenomene-de-la-vente-des-bebes","status":"publish","type":"post","link":"https:\/\/linitiative.ca\/International\/tunisie-augmentation-de-plus-de-60-du-phenomene-de-la-vente-des-bebes\/","title":{"rendered":"Tunisie \u2013 Augmentation de plus de 60% du ph\u00e9nom\u00e8ne de la vente des b\u00e9b\u00e9s"},"content":{"rendered":"<div>\n<p>La pr\u00e9sidente de l\u2019instance nationale de la lutte contre la traite des personnes, la magistrate, Raoudha La\u00e2bidi, a assur\u00e9, ce mercredi, que le ph\u00e9nom\u00e8ne de vente des b\u00e9b\u00e9s \u00e0 augment\u00e9 de plus de 60% en Tunisie, entre 2019 et 2020. De m\u00eame que l\u2019exploitation sexuelle des enfants qui a augment\u00e9, durant la m\u00eame p\u00e9riode, de [\u2026]<\/p>\n<p>L\u2019article <a href=\"https:\/\/www.tunisienumerique.com\/tunisie-augmentation-de-plus-de-60-du-phenomene-de-la-vente-des-bebes\/\">Tunisie \u2013 Augmentation de plus de 60% du ph\u00e9nom\u00e8ne de la vente des b\u00e9b\u00e9s<\/a> est apparu en premier sur <a href=\"http:\/\/www.tunisienumerique.com\/\">Tunisie<\/a>.<\/p>\n<\/div>\n<p>Auteur: LM<br \/>\n<a href=\"https:\/\/www.tunisienumerique.com\/tunisie-augmentation-de-plus-de-60-du-phenomene-de-la-vente-des-bebes\/\">Cliquez ici pour lire l&rsquo;article depuis sa source.<\/a><\/p>\n","protected":false},"excerpt":{"rendered":"<p>La pr\u00e9sidente de l\u2019instance nationale de la lutte contre la traite des personnes, la magistrate, Raoudha La\u00e2bidi, a assur\u00e9, ce mercredi, que le ph\u00e9nom\u00e8ne de vente des b\u00e9b\u00e9s \u00e0 augment\u00e9 de plus de 60% en Tunisie, entre 2019 et 2020. De m\u00eame que l\u2019exploitation sexuelle des enfants qui a augment\u00e9, durant la m\u00eame p\u00e9riode, de [&hellip;]<\/p>\n","protected":false},"author":1789,"featured_media":0,"comment_status":"closed","ping_status":"closed","sticky":false,"template":"","format":"standard","meta":{"fifu_image_url":"","fifu_image_alt":"","footnotes":""},"categories":[73,55],"tags":[],"class_list":["post-124496","post","type-post","status-publish","format-standard","hentry","category-actualite","category-tunisie"],"_links":{"self":[{"href":"https:\/\/linitiative.ca\/International\/wp-json\/wp\/v2\/posts\/124496","targetHints":{"allow":["GET"]}}],"collection":[{"href":"https:\/\/linitiative.ca\/International\/wp-json\/wp\/v2\/posts"}],"about":[{"href":"https:\/\/linitiative.ca\/International\/wp-json\/wp\/v2\/types\/post"}],"author":[{"embeddable":true,"href":"https:\/\/linitiative.ca\/International\/wp-json\/wp\/v2\/users\/1789"}],"replies":[{"embeddable":true,"href":"https:\/\/linitiative.ca\/International\/wp-json\/wp\/v2\/comments?post=124496"}],"version-history":[{"count":0,"href":"https:\/\/linitiative.ca\/International\/wp-json\/wp\/v2\/posts\/124496\/revisions"}],"wp:attachment":[{"href":"https:\/\/linitiative.ca\/International\/wp-json\/wp\/v2\/media?parent=124496"}],"wp:term":[{"taxonomy":"category","embeddable":true,"href":"https:\/\/linitiative.ca\/International\/wp-json\/wp\/v2\/categories?post=124496"},{"taxonomy":"post_tag","embeddable":true,"href":"https:\/\/linitiative.ca\/International\/wp-json\/wp\/v2\/tags?post=124496"}],"curies":[{"name":"wp","href":"https:\/\/api.w.org\/{rel}","templated":true}]}}