{"id":124498,"date":"2021-08-18T16:31:19","date_gmt":"2021-08-18T20:31:19","guid":{"rendered":"https:\/\/linitiative.ca\/International\/can-2021-au-cameroun\/"},"modified":"2021-08-18T16:31:19","modified_gmt":"2021-08-18T20:31:19","slug":"can-2021-au-cameroun","status":"publish","type":"post","link":"https:\/\/linitiative.ca\/International\/can-2021-au-cameroun\/","title":{"rendered":"CAN 2021 AU CAMEROUN"},"content":{"rendered":"<div>\n<p><img decoding=\"async\" width=\"287\" height=\"176\" src=\"https:\/\/linitiative.ca\/International\/wp-content\/uploads\/sites\/23\/2021\/08\/CAN-2.jpg\" class=\"attachment- size- wp-post-image\" alt=\"\" loading=\"lazy\" style=\"float:left; margin:0 15px 15px 0;\">La Coupe d\u2019Afrique des nations (CAN) 2021 (report\u00e9e \u00e0 2022) est lanc\u00e9e. Le top d\u00e9part de la biennale africaine du ballon rond a \u00e9t\u00e9, en effet, donn\u00e9 apr\u00e8s un tirage au sort organis\u00e9 au somptueux Palais du Congr\u00e8s de Yaound\u00e9, le 17 ao\u00fbt dernier. Du 9 janvier au 6 f\u00e9vrier 2022 au pays de Ahmadou \u2026<\/p>\n<p>L\u2019article <a rel=\"nofollow\" href=\"https:\/\/lepays.bf\/can-2021-au-cameroun\/\">CAN 2021 AU CAMEROUN<\/a> est apparu en premier sur <a rel=\"nofollow\" href=\"https:\/\/lepays.bf\/\">Editions Le Pays<\/a>.<\/p>\n<\/div>\n<p>Auteur: Editions LEPAYS<br \/>\n<a href=\"https:\/\/lepays.bf\/can-2021-au-cameroun\/\">Cliquez ici pour lire l&rsquo;article depuis sa source.<\/a><\/p>\n","protected":false},"excerpt":{"rendered":"<p>La Coupe d\u2019Afrique des nations (CAN) 2021 (report\u00e9e \u00e0 2022) est lanc\u00e9e. Le top d\u00e9part de la biennale africaine du ballon rond a \u00e9t\u00e9, en effet, donn\u00e9 apr\u00e8s un tirage au sort organis\u00e9 au somptueux Palais du Congr\u00e8s de Yaound\u00e9, le 17 ao\u00fbt dernier. Du 9 janvier au 6 f\u00e9vrier 2022 au pays de Ahmadou [&hellip;]<\/p>\n","protected":false},"author":1813,"featured_media":0,"comment_status":"closed","ping_status":"closed","sticky":false,"template":"","format":"standard","meta":{"fifu_image_url":"https:\/\/lepays.bf\/wp-content\/uploads\/2021\/08\/CAN-2.jpg","fifu_image_alt":"CAN 2021 AU CAMEROUN","footnotes":""},"categories":[73,81],"tags":[],"class_list":["post-124498","post","type-post","status-publish","format-standard","hentry","category-actualite","category-burkina-faso"],"_links":{"self":[{"href":"https:\/\/linitiative.ca\/International\/wp-json\/wp\/v2\/posts\/124498","targetHints":{"allow":["GET"]}}],"collection":[{"href":"https:\/\/linitiative.ca\/International\/wp-json\/wp\/v2\/posts"}],"about":[{"href":"https:\/\/linitiative.ca\/International\/wp-json\/wp\/v2\/types\/post"}],"author":[{"embeddable":true,"href":"https:\/\/linitiative.ca\/International\/wp-json\/wp\/v2\/users\/1813"}],"replies":[{"embeddable":true,"href":"https:\/\/linitiative.ca\/International\/wp-json\/wp\/v2\/comments?post=124498"}],"version-history":[{"count":0,"href":"https:\/\/linitiative.ca\/International\/wp-json\/wp\/v2\/posts\/124498\/revisions"}],"wp:attachment":[{"href":"https:\/\/linitiative.ca\/International\/wp-json\/wp\/v2\/media?parent=124498"}],"wp:term":[{"taxonomy":"category","embeddable":true,"href":"https:\/\/linitiative.ca\/International\/wp-json\/wp\/v2\/categories?post=124498"},{"taxonomy":"post_tag","embeddable":true,"href":"https:\/\/linitiative.ca\/International\/wp-json\/wp\/v2\/tags?post=124498"}],"curies":[{"name":"wp","href":"https:\/\/api.w.org\/{rel}","templated":true}]}}