{"id":124500,"date":"2021-08-18T06:43:04","date_gmt":"2021-08-18T10:43:04","guid":{"rendered":"https:\/\/linitiative.ca\/International\/boulevard-des-tansoba-les-riverains-inondes-la-voie-bloquee-par-des-manifestants\/"},"modified":"2021-08-18T06:43:04","modified_gmt":"2021-08-18T10:43:04","slug":"boulevard-des-tansoba-les-riverains-inondes-la-voie-bloquee-par-des-manifestants","status":"publish","type":"post","link":"https:\/\/linitiative.ca\/International\/boulevard-des-tansoba-les-riverains-inondes-la-voie-bloquee-par-des-manifestants\/","title":{"rendered":"Boulevard des Tansoba\u00a0: les riverains inond\u00e9s, la voie bloqu\u00e9e par des manifestants."},"content":{"rendered":"<div>\n<p>Les populations riveraines au Boulevard des \u00a0Tansoba (circulaire), en travaux ont \u00e9t\u00e9 inond\u00e9es. Pour manifester leur m\u00e9contentement \u00e0 l\u2019entreprise qui conduit les travaux, elles ont barr\u00e9 la voie ce matin 18 ao\u00fbt 2021. Elles accusent l\u2019entreprise de ne pas tenir ses promesses.<\/p>\n<p><img decoding=\"async\" loading=\"lazy\" class=\"alignleft size-full wp-image-38632\" src=\"https:\/\/linitiative.ca\/International\/wp-content\/uploads\/sites\/23\/2021\/08\/r3.jpg\" alt=\"\" width=\"900\" height=\"405\" srcset=\"https:\/\/linitiative.ca\/International\/wp-content\/uploads\/sites\/23\/2021\/08\/r3.jpg 900w, https:\/\/www.sidwaya.info\/wp-content\/uploads\/2021\/08\/r3-300x135.jpg 300w, https:\/\/www.sidwaya.info\/wp-content\/uploads\/2021\/08\/r3-768x346.jpg 768w, https:\/\/www.sidwaya.info\/wp-content\/uploads\/2021\/08\/r3-150x68.jpg 150w, https:\/\/www.sidwaya.info\/wp-content\/uploads\/2021\/08\/r3-696x313.jpg 696w\" sizes=\"auto, (max-width: 900px) 100vw, 900px\"><\/p>\n<p>\u00a0<\/p>\n<p>A.K<\/p>\n<p>L\u2019article <a rel=\"nofollow\" href=\"https:\/\/www.sidwaya.info\/blog\/2021\/08\/18\/boulevard-des-tansoba-les-riverains-inondes-la-voie-bloquee-par-des-manifestants\/\">Boulevard des Tansoba\u00a0: les riverains inond\u00e9s, la voie bloqu\u00e9e par des manifestants.<\/a> est apparu en premier sur <a rel=\"nofollow\" href=\"https:\/\/www.sidwaya.info\/\">Quotidien Sidwaya<\/a>.<\/p>\n<\/div>\n<p>Auteur: BS. Sidwaya<br \/>\n<a href=\"https:\/\/www.sidwaya.info\/blog\/2021\/08\/18\/boulevard-des-tansoba-les-riverains-inondes-la-voie-bloquee-par-des-manifestants\/\">Cliquez ici pour lire l&rsquo;article depuis sa source.<\/a><\/p>\n","protected":false},"excerpt":{"rendered":"<p>Les populations riveraines au Boulevard des \u00a0Tansoba (circulaire), en travaux ont \u00e9t\u00e9 inond\u00e9es. Pour manifester leur m\u00e9contentement \u00e0 l\u2019entreprise qui conduit les travaux, elles ont barr\u00e9 la voie ce matin 18 ao\u00fbt 2021. Elles accusent l\u2019entreprise de ne pas tenir ses promesses. \u00a0 A.K L\u2019article Boulevard des Tansoba\u00a0: les riverains inond\u00e9s, la voie bloqu\u00e9e par [&hellip;]<\/p>\n","protected":false},"author":1816,"featured_media":0,"comment_status":"closed","ping_status":"closed","sticky":false,"template":"","format":"standard","meta":{"fifu_image_url":"https:\/\/www.sidwaya.info\/wp-content\/uploads\/2021\/08\/r3.jpg","fifu_image_alt":"Boulevard des Tansoba\u00a0: les riverains inond\u00e9s, la voie bloqu\u00e9e par des manifestants.","footnotes":""},"categories":[73,81],"tags":[],"class_list":["post-124500","post","type-post","status-publish","format-standard","hentry","category-actualite","category-burkina-faso"],"_links":{"self":[{"href":"https:\/\/linitiative.ca\/International\/wp-json\/wp\/v2\/posts\/124500","targetHints":{"allow":["GET"]}}],"collection":[{"href":"https:\/\/linitiative.ca\/International\/wp-json\/wp\/v2\/posts"}],"about":[{"href":"https:\/\/linitiative.ca\/International\/wp-json\/wp\/v2\/types\/post"}],"author":[{"embeddable":true,"href":"https:\/\/linitiative.ca\/International\/wp-json\/wp\/v2\/users\/1816"}],"replies":[{"embeddable":true,"href":"https:\/\/linitiative.ca\/International\/wp-json\/wp\/v2\/comments?post=124500"}],"version-history":[{"count":0,"href":"https:\/\/linitiative.ca\/International\/wp-json\/wp\/v2\/posts\/124500\/revisions"}],"wp:attachment":[{"href":"https:\/\/linitiative.ca\/International\/wp-json\/wp\/v2\/media?parent=124500"}],"wp:term":[{"taxonomy":"category","embeddable":true,"href":"https:\/\/linitiative.ca\/International\/wp-json\/wp\/v2\/categories?post=124500"},{"taxonomy":"post_tag","embeddable":true,"href":"https:\/\/linitiative.ca\/International\/wp-json\/wp\/v2\/tags?post=124500"}],"curies":[{"name":"wp","href":"https:\/\/api.w.org\/{rel}","templated":true}]}}