{"id":124504,"date":"2021-08-18T10:33:03","date_gmt":"2021-08-18T14:33:03","guid":{"rendered":"https:\/\/linitiative.ca\/International\/tragique-fin-pour-un-enseignant-a-la-retraite\/"},"modified":"2021-08-18T10:33:03","modified_gmt":"2021-08-18T14:33:03","slug":"tragique-fin-pour-un-enseignant-a-la-retraite","status":"publish","type":"post","link":"https:\/\/linitiative.ca\/International\/tragique-fin-pour-un-enseignant-a-la-retraite\/","title":{"rendered":"Tragique fin pour un enseignant \u00e0 la retraite"},"content":{"rendered":"<div>\n<p>\u00a0<\/p>\n<p><strong><em>Kantigui<\/em><\/strong> a appris qu\u2019un crime a \u00e9t\u00e9 commis dans la nuit du 12 au 13 ao\u00fbt 2021 au secteur 4 de Ouahigouya. La victime, selon une source proche de la famille, est un enseignant \u00e0 la retraite depuis le 1<sup>er<\/sup> janvier 2021. Vivant seul dans sa cour, il avait pour habitude de dormir \u00e0 la belle \u00e9toile. Au cours de cette tragique nuit, a t\u00e9moign\u00e9 la source de <strong><em>Kantigui<\/em><\/strong>, les assaillants auraient frapp\u00e9s \u00e0 plusieurs portes du voisinage, cherchant le domicile de la victime. Apr\u00e8s leur forfait, ils auraient m\u00eame pris le temps de se servir de la bi\u00e8re dans le r\u00e9frig\u00e9rateur du d\u00e9funt, qu\u2019ils ont bu, laissant sur place les bouteilles vides. \u00ab\u00a0<em>En quittant les lieux, ils ont laiss\u00e9 l\u2019arme du crime (le couteau) et un gant ayant servir \u00e0 poser l\u2019acte. C\u2019est le matin qu\u2019un voisin a d\u00e9couvert le corps sans vie dans la cour baignant dans le sang car le portail est rest\u00e9 ouvert. Celui-ci a alert\u00e9 la famille ainsi que la gendarmerie<\/em>\u00a0\u00bb, a-t-on d\u00e9taill\u00e9 \u00e0 <strong><em>Kantigui<\/em><\/strong>. Le corps a \u00e9t\u00e9 inhum\u00e9 le m\u00eame jour et l\u2019enqu\u00eate suit son cours. <strong><em>Kantigui<\/em><\/strong>, tout en regrettant cette ignominie, souhaite que les auteurs soient mis aux arr\u00eats le plus t\u00f4t possible.<\/p>\n<p><strong>Le syndicat des jardiniers et p\u00e9pini\u00e9ristes est n\u00e9<\/strong><\/p>\n<p><strong><em>Kantigui <\/em><\/strong>a eu vent de la cr\u00e9ation du Syndicat national des jardiniers et p\u00e9pini\u00e9ristes du Burkina Faso (SYNAJAP), suivant un r\u00e9c\u00e9piss\u00e9 dat\u00e9 du mars 2021.\u00a0 Cette structure syndicale se fixe pour objectif g\u00e9n\u00e9ral de d\u00e9fendre les int\u00e9r\u00eats moraux et mat\u00e9riels de ses membres. A cet effet, a not\u00e9 <strong><em>Kantigui, <\/em><\/strong>elle entend, relever le niveau social et \u00e9conomique de ses membres \u00e0 travers des formations, d\u00e9velopper l\u2019esprit coop\u00e9ratif dans les secteurs modernes et informels et faire la promotion d\u2019esp\u00e8ces pourvoyeuses de produits forestiers non ligneux (PFNL).<strong> <em>Kantigui<\/em> <\/strong>souhaite bon vent au SYNAJAP, qui ambitionne d\u2019accompagner le gouvernement dans sa politique environnementale pour un <em>\u00ab\u00a0Burkina verdoyant et un d\u00e9veloppement durable\u00a0\u00bb.<\/em><\/p>\n<p><strong>Une querelle de chefferie \u00e0 Doundougou<\/strong><\/p>\n<p>Avec une vid\u00e9o \u00e0 l\u2019appui, <strong><em>Kantigui<\/em><\/strong> a \u00e9t\u00e9 interpel\u00e9 sur une situation inqui\u00e9tante dans le village de Doundougou, commune de Zams\u00e9 dans la province du Ganzourgou (r\u00e9gion du Plateau central). En effet, les populations du quartier Zams\u00e9 dudit village sont sur le point d\u2019\u00eatre chass\u00e9 de Doundougou. Interrog\u00e9e sur les raisons de cette inimiti\u00e9, la source de <strong><em>Kantigui<\/em><\/strong> a fait savoir qu\u2019une querelle de chef de terre les oppose aux autres habitants du village. Les populations de Zams\u00e9 sont accus\u00e9es de ne pas faire all\u00e9geance au chef de Doundougou, ce qui leur vaut la destruction de leurs habitats, champs de cultures et une interdiction de s\u00e9journer dans le village et de fr\u00e9quenter le march\u00e9. Selon l\u2019informateur de <strong><em>Kantigui<\/em><\/strong>, les populations de Zams\u00e9 ont cherch\u00e9 \u00e0 introniser leur chef aupr\u00e8s du chef de Koupela \u00ab\u00a0<em>comme \u00e0 l\u2019accoutum\u00e9e<\/em>\u00a0\u00bb. \u00ab\u00a0<em>Les populations de Doundougou, avec l\u2019instigation de leur chef, estiment que ce n\u2019est pas possible et leur demande de quitter leur village<\/em>\u00a0\u00bb, a signifi\u00e9 la source. <strong><em>Kantigui<\/em><\/strong> appelle les autorit\u00e9s \u00e0 ouvrir l\u2019\u0153il et le bon au plus vite, avant que le pire n\u2019arrive.<\/p>\n<p>\u00a0<\/p>\n<p><strong>Kantigui<\/strong><\/p>\n<p><strong>kantigui2000@gmail.com<\/strong><\/p>\n<p><strong>(+22<\/strong><strong>6) 25 31 22 89<\/strong><\/p>\n<p>L\u2019article <a rel=\"nofollow\" href=\"https:\/\/www.sidwaya.info\/blog\/2021\/08\/18\/tragique-fin-pour-un-enseignant-a-la-retraite\/\">Tragique fin pour un enseignant \u00e0 la retraite<\/a> est apparu en premier sur <a rel=\"nofollow\" href=\"https:\/\/www.sidwaya.info\/\">Quotidien Sidwaya<\/a>.<\/p>\n<\/div>\n<p>Auteur: BS. Sidwaya<br \/>\n<a href=\"https:\/\/www.sidwaya.info\/blog\/2021\/08\/18\/tragique-fin-pour-un-enseignant-a-la-retraite\/\">Cliquez ici pour lire l&rsquo;article depuis sa source.<\/a><\/p>\n","protected":false},"excerpt":{"rendered":"<p>\u00a0 Kantigui a appris qu\u2019un crime a \u00e9t\u00e9 commis dans la nuit du 12 au 13 ao\u00fbt 2021 au secteur 4 de Ouahigouya. La victime, selon une source proche de la famille, est un enseignant \u00e0 la retraite depuis le 1er janvier 2021. Vivant seul dans sa cour, il avait pour habitude de dormir \u00e0 [&hellip;]<\/p>\n","protected":false},"author":1816,"featured_media":0,"comment_status":"closed","ping_status":"closed","sticky":false,"template":"","format":"standard","meta":{"fifu_image_url":"","fifu_image_alt":"","footnotes":""},"categories":[73,81],"tags":[],"class_list":["post-124504","post","type-post","status-publish","format-standard","hentry","category-actualite","category-burkina-faso"],"_links":{"self":[{"href":"https:\/\/linitiative.ca\/International\/wp-json\/wp\/v2\/posts\/124504","targetHints":{"allow":["GET"]}}],"collection":[{"href":"https:\/\/linitiative.ca\/International\/wp-json\/wp\/v2\/posts"}],"about":[{"href":"https:\/\/linitiative.ca\/International\/wp-json\/wp\/v2\/types\/post"}],"author":[{"embeddable":true,"href":"https:\/\/linitiative.ca\/International\/wp-json\/wp\/v2\/users\/1816"}],"replies":[{"embeddable":true,"href":"https:\/\/linitiative.ca\/International\/wp-json\/wp\/v2\/comments?post=124504"}],"version-history":[{"count":0,"href":"https:\/\/linitiative.ca\/International\/wp-json\/wp\/v2\/posts\/124504\/revisions"}],"wp:attachment":[{"href":"https:\/\/linitiative.ca\/International\/wp-json\/wp\/v2\/media?parent=124504"}],"wp:term":[{"taxonomy":"category","embeddable":true,"href":"https:\/\/linitiative.ca\/International\/wp-json\/wp\/v2\/categories?post=124504"},{"taxonomy":"post_tag","embeddable":true,"href":"https:\/\/linitiative.ca\/International\/wp-json\/wp\/v2\/tags?post=124504"}],"curies":[{"name":"wp","href":"https:\/\/api.w.org\/{rel}","templated":true}]}}