{"id":124508,"date":"2021-08-18T13:17:23","date_gmt":"2021-08-18T17:17:23","guid":{"rendered":"https:\/\/linitiative.ca\/International\/football-didier-notheaux-ancien-selectionneur-des-etalons-est-decede\/"},"modified":"2021-08-18T13:17:23","modified_gmt":"2021-08-18T17:17:23","slug":"football-didier-notheaux-ancien-selectionneur-des-etalons-est-decede","status":"publish","type":"post","link":"https:\/\/linitiative.ca\/International\/football-didier-notheaux-ancien-selectionneur-des-etalons-est-decede\/","title":{"rendered":"Football: Didier Notheaux, ancien\u00a0s\u00e9lectionneur\u00a0des Etalons est\u00a0d\u00e9c\u00e9d\u00e9."},"content":{"rendered":"<div>\n<p>\u00a0<\/p>\n<p><img decoding=\"async\" src=\"https:\/\/linitiative.ca\/International\/wp-content\/uploads\/sites\/23\/2021\/08\/Didier.jpg\"><\/p>\n<p>L\u2019ancien s\u00e9lectionneur des Etalons du Burkina Faso, Didier Notheaux est d\u00e9c\u00e9d\u00e9 ce mercredi 18 ao\u00fbt 2021 \u00e0 l\u2019\u00e2ge de 73 ans. Le technicien Notheaux s\u2019en est all\u00e9 apr\u00e8s avoir marqu\u00e9 ses passages dans des clubs en France et des s\u00e9lections africaines. Ancien joueur de Rouen, Lens et Rennes, Didier Notheaux\u00a0\u00a0est n\u00e9 le 4 f\u00e9vrier 1948 \u00e0 Deville les Rouen. \u00a0L\u2019ex footballeur avait dirig\u00e9 la s\u00e9lection du Burkina de 1998\/1999 puis a fait un passage \u00e9claire de 4 mois au B\u00e9nin (d\u00e9cembre 2006 \/ mars 2007) avant de retourner au Burkina pour une seconde fois afin de terminer les \u00e9liminatoires de la CAN (2007\/2008). Ce sera d\u2019 ailleurs sa derni\u00e8re exp\u00e9rience en tant qu\u2019entra\u00eeneur. Mais avant d\u2019arriver sur le continent, Didier Notheaux a dirig\u00e9 plusieurs clubs Fran\u00e7ais : Havre AC, Mulhouse, Sochaux, Reims et le Stade rennais. Selon nos sources, certains de ces clubs auraient r\u00e9agi \u00e0 l\u2019annonce de son d\u00e9c\u00e8s.<\/p>\n<div class=\"I_52qC D_FY W_6D6F\" data-test-id=\"message-view-body\">\n<div class=\"msg-body P_wpofO mq_AS\" data-test-id=\"message-view-body-content\">\n<div class=\"jb_0 X_6MGW N_6Fd5\">\n<div id=\"yiv0856222001\">\n<div class=\"yiv0856222001yahoo-style-wrap\">\n<div dir=\"ltr\">AB<\/div>\n<\/div>\n<\/div>\n<\/div>\n<\/div>\n<div class=\"jb_0 X_6MGW N_6Fd5\"><\/div>\n<\/div>\n<div class=\"H_7jIs D_F ab_C Q_69H5 E_36RhU\" data-test-id=\"toolbar-hover-area\">\n<div class=\"D_F W_6D6F r_BN gl_C\" data-test-id=\"card-toolbar\">\n<div class=\"D_F ab_C en_0 b_Z14vXdP e_3mS2U I_52qC P_Z1otBpf\">\n<p>\u00a0<\/p>\n<\/div>\n<\/div>\n<\/div>\n<p>L\u2019article <a rel=\"nofollow\" href=\"https:\/\/www.sidwaya.info\/blog\/2021\/08\/18\/football-didier-notheaux-ancien-selectionneur-des-etalons-est-decede\/\">Football: Didier Notheaux, ancien\u00a0s\u00e9lectionneur\u00a0des Etalons est\u00a0d\u00e9c\u00e9d\u00e9.<\/a> est apparu en premier sur <a rel=\"nofollow\" href=\"https:\/\/www.sidwaya.info\/\">Quotidien Sidwaya<\/a>.<\/p>\n<\/div>\n<p>Auteur: BANGRE SIDWAYA<br \/>\n<a href=\"https:\/\/www.sidwaya.info\/blog\/2021\/08\/18\/football-didier-notheaux-ancien-selectionneur-des-etalons-est-decede\/\">Cliquez ici pour lire l&rsquo;article depuis sa source.<\/a><\/p>\n","protected":false},"excerpt":{"rendered":"<p>\u00a0 L\u2019ancien s\u00e9lectionneur des Etalons du Burkina Faso, Didier Notheaux est d\u00e9c\u00e9d\u00e9 ce mercredi 18 ao\u00fbt 2021 \u00e0 l\u2019\u00e2ge de 73 ans. Le technicien Notheaux s\u2019en est all\u00e9 apr\u00e8s avoir marqu\u00e9 ses passages dans des clubs en France et des s\u00e9lections africaines. Ancien joueur de Rouen, Lens et Rennes, Didier Notheaux\u00a0\u00a0est n\u00e9 le 4 f\u00e9vrier [&hellip;]<\/p>\n","protected":false},"author":1816,"featured_media":0,"comment_status":"closed","ping_status":"closed","sticky":false,"template":"","format":"standard","meta":{"fifu_image_url":"https:\/\/www.sidwaya.info\/wp-content\/uploads\/2021\/08\/Didier.jpg","fifu_image_alt":"Football: Didier Notheaux, ancien\u00a0s\u00e9lectionneur\u00a0des Etalons est\u00a0d\u00e9c\u00e9d\u00e9.","footnotes":""},"categories":[73,81],"tags":[],"class_list":["post-124508","post","type-post","status-publish","format-standard","hentry","category-actualite","category-burkina-faso"],"_links":{"self":[{"href":"https:\/\/linitiative.ca\/International\/wp-json\/wp\/v2\/posts\/124508","targetHints":{"allow":["GET"]}}],"collection":[{"href":"https:\/\/linitiative.ca\/International\/wp-json\/wp\/v2\/posts"}],"about":[{"href":"https:\/\/linitiative.ca\/International\/wp-json\/wp\/v2\/types\/post"}],"author":[{"embeddable":true,"href":"https:\/\/linitiative.ca\/International\/wp-json\/wp\/v2\/users\/1816"}],"replies":[{"embeddable":true,"href":"https:\/\/linitiative.ca\/International\/wp-json\/wp\/v2\/comments?post=124508"}],"version-history":[{"count":0,"href":"https:\/\/linitiative.ca\/International\/wp-json\/wp\/v2\/posts\/124508\/revisions"}],"wp:attachment":[{"href":"https:\/\/linitiative.ca\/International\/wp-json\/wp\/v2\/media?parent=124508"}],"wp:term":[{"taxonomy":"category","embeddable":true,"href":"https:\/\/linitiative.ca\/International\/wp-json\/wp\/v2\/categories?post=124508"},{"taxonomy":"post_tag","embeddable":true,"href":"https:\/\/linitiative.ca\/International\/wp-json\/wp\/v2\/tags?post=124508"}],"curies":[{"name":"wp","href":"https:\/\/api.w.org\/{rel}","templated":true}]}}