{"id":124510,"date":"2021-08-18T14:04:57","date_gmt":"2021-08-18T18:04:57","guid":{"rendered":"https:\/\/linitiative.ca\/International\/cameroun-larmee-retablit-la-circulation-des-motos-dans-le-nord-ouest\/"},"modified":"2021-08-18T14:04:57","modified_gmt":"2021-08-18T18:04:57","slug":"cameroun-larmee-retablit-la-circulation-des-motos-dans-le-nord-ouest","status":"publish","type":"post","link":"https:\/\/linitiative.ca\/International\/cameroun-larmee-retablit-la-circulation-des-motos-dans-le-nord-ouest\/","title":{"rendered":"Cameroun : l\u2019arm\u00e9e r\u00e9tablit la circulation des motos dans le Nord-Ouest"},"content":{"rendered":"<div>\n<p><img loading=\"lazy\" decoding=\"async\" width=\"800\" height=\"712\" src=\"https:\/\/linitiative.ca\/International\/wp-content\/uploads\/sites\/23\/2021\/08\/Crise-anglophone-Vrai.jpg\" class=\"attachment-post-thumbnail size-post-thumbnail wp-post-image\" alt=\"\" srcset=\"https:\/\/linitiative.ca\/International\/wp-content\/uploads\/sites\/23\/2021\/08\/Crise-anglophone-Vrai.jpg 800w, https:\/\/www.journalducameroun.com\/wp-content\/uploads\/2019\/01\/Crise-anglophone-Vrai-300x267.jpg 300w, https:\/\/www.journalducameroun.com\/wp-content\/uploads\/2019\/01\/Crise-anglophone-Vrai-768x684.jpg 768w, https:\/\/www.journalducameroun.com\/wp-content\/uploads\/2019\/01\/Crise-anglophone-Vrai-494x440.jpg 494w, https:\/\/www.journalducameroun.com\/wp-content\/uploads\/2019\/01\/Crise-anglophone-Vrai-600x534.jpg 600w\" sizes=\"auto, (max-width: 800px) 100vw, 800px\"><\/p>\n<h5 style=\"text-align: justify;\">Elle avait \u00e9t\u00e9 bloqu\u00e9e par des combattants s\u00e9paratistes suite \u00e0 l\u2019interdiction pour une p\u00e9riode de trois mois, \u00a0de circulation des motos par les autorit\u00e9s administratives.<\/h5>\n<p style=\"text-align: justify;\">Apr\u00e8s l\u2019assassinat de cinq policiers \u00e0 Bali au mois de juillet dernier, l\u2019autorit\u00e9 administrative avait d\u00e9cid\u00e9 de suspendre circulation des motos pour une dur\u00e9e de trois mois. Ces motos \u00e9tant consid\u00e9r\u00e9es comme le moyen de transport privil\u00e9gi\u00e9 des s\u00e9paratistes pour commettre leurs forfaits.<\/p>\n<p style=\"text-align: justify;\">Le m\u00e9dia public la CRTV\u00a0 annonce que l\u2019arm\u00e9e a lib\u00e9r\u00e9 du 14 au 15 ao\u00fbt\u00a0 la circulation routi\u00e8re dans le Nord-Ouest. Il s\u2019agit entre autres de la route Bamenda-Bali-Enugu au Nigeria, la route Bamenda-Fudong; Bambui-Fundong. Des routes qui facilitent l&rsquo;entr\u00e9e et la sortie des marchandises du Cameroun..<\/p>\n<p style=\"text-align: justify;\">L\u2019op\u00e9ration de lib\u00e9ration a \u00e9t\u00e9 men\u00e9e \u00a0en pr\u00e9sence du gouverneur de la r\u00e9gion du Nord-Ouest, Adolphe Lele Afrique qui a appel\u00e9 les populations \u00e0 collaborer avec l\u2019administration et les forces de d\u00e9fense et de s\u00e9curit\u00e9.<\/p>\n<p style=\"text-align: justify;\">\n<p>Cet article <a rel=\"nofollow\" href=\"https:\/\/www.journalducameroun.com\/cameroun-larmee-retablit-la-circulation-des-motos-dans-le-nord-ouest\/\">Cameroun : l\u2019arm\u00e9e r\u00e9tablit la circulation des motos dans le Nord-Ouest<\/a> est apparu en premier sur <a rel=\"nofollow\" href=\"https:\/\/www.journalducameroun.com\/\">Journal du Cameroun<\/a>.<\/p>\n<\/div>\n<p>Auteur: Christian DJIMADEU<br \/>\n<a href=\"https:\/\/www.journalducameroun.com\/cameroun-larmee-retablit-la-circulation-des-motos-dans-le-nord-ouest\/\">Cliquez ici pour lire l&rsquo;article depuis sa source.<\/a><\/p>\n","protected":false},"excerpt":{"rendered":"<p>Elle avait \u00e9t\u00e9 bloqu\u00e9e par des combattants s\u00e9paratistes suite \u00e0 l\u2019interdiction pour une p\u00e9riode de trois mois, \u00a0de circulation des motos par les autorit\u00e9s administratives. Apr\u00e8s l\u2019assassinat de cinq policiers \u00e0 Bali au mois de juillet dernier, l\u2019autorit\u00e9 administrative avait d\u00e9cid\u00e9 de suspendre circulation des motos pour une dur\u00e9e de trois mois. Ces motos \u00e9tant [&hellip;]<\/p>\n","protected":false},"author":1965,"featured_media":0,"comment_status":"closed","ping_status":"closed","sticky":false,"template":"","format":"standard","meta":{"fifu_image_url":"https:\/\/www.journalducameroun.com\/wp-content\/uploads\/2019\/01\/Crise-anglophone-Vrai.jpg","fifu_image_alt":"Cameroun : l\u2019arm\u00e9e r\u00e9tablit la circulation des motos dans le Nord-Ouest","footnotes":""},"categories":[73,82],"tags":[],"class_list":["post-124510","post","type-post","status-publish","format-standard","hentry","category-actualite","category-cameroun"],"_links":{"self":[{"href":"https:\/\/linitiative.ca\/International\/wp-json\/wp\/v2\/posts\/124510","targetHints":{"allow":["GET"]}}],"collection":[{"href":"https:\/\/linitiative.ca\/International\/wp-json\/wp\/v2\/posts"}],"about":[{"href":"https:\/\/linitiative.ca\/International\/wp-json\/wp\/v2\/types\/post"}],"author":[{"embeddable":true,"href":"https:\/\/linitiative.ca\/International\/wp-json\/wp\/v2\/users\/1965"}],"replies":[{"embeddable":true,"href":"https:\/\/linitiative.ca\/International\/wp-json\/wp\/v2\/comments?post=124510"}],"version-history":[{"count":0,"href":"https:\/\/linitiative.ca\/International\/wp-json\/wp\/v2\/posts\/124510\/revisions"}],"wp:attachment":[{"href":"https:\/\/linitiative.ca\/International\/wp-json\/wp\/v2\/media?parent=124510"}],"wp:term":[{"taxonomy":"category","embeddable":true,"href":"https:\/\/linitiative.ca\/International\/wp-json\/wp\/v2\/categories?post=124510"},{"taxonomy":"post_tag","embeddable":true,"href":"https:\/\/linitiative.ca\/International\/wp-json\/wp\/v2\/tags?post=124510"}],"curies":[{"name":"wp","href":"https:\/\/api.w.org\/{rel}","templated":true}]}}