{"id":124512,"date":"2021-08-18T14:24:41","date_gmt":"2021-08-18T18:24:41","guid":{"rendered":"https:\/\/linitiative.ca\/International\/cameroun-discours-de-cloture-du-president-paul-biya-lors-du-sommet-extraordinaire-de-la-cemac\/"},"modified":"2021-08-18T14:24:41","modified_gmt":"2021-08-18T18:24:41","slug":"cameroun-discours-de-cloture-du-president-paul-biya-lors-du-sommet-extraordinaire-de-la-cemac","status":"publish","type":"post","link":"https:\/\/linitiative.ca\/International\/cameroun-discours-de-cloture-du-president-paul-biya-lors-du-sommet-extraordinaire-de-la-cemac\/","title":{"rendered":"Cameroun : discours de cl\u00f4ture du pr\u00e9sident Paul Biya lors du Sommet extraordinaire de la Cemac"},"content":{"rendered":"<div>\n<p><img loading=\"lazy\" decoding=\"async\" width=\"750\" height=\"400\" src=\"https:\/\/linitiative.ca\/International\/wp-content\/uploads\/sites\/23\/2021\/08\/Paul-Biya-lors-du-Sommet-extraordinaire-de-la-Cemac.jpg\" class=\"attachment-post-thumbnail size-post-thumbnail wp-post-image\" alt=\"\" srcset=\"https:\/\/linitiative.ca\/International\/wp-content\/uploads\/sites\/23\/2021\/08\/Paul-Biya-lors-du-Sommet-extraordinaire-de-la-Cemac.jpg 750w, https:\/\/www.journalducameroun.com\/wp-content\/uploads\/2021\/08\/Paul-Biya-lors-du-Sommet-extraordinaire-de-la-Cemac-300x160.jpg 300w, https:\/\/www.journalducameroun.com\/wp-content\/uploads\/2021\/08\/Paul-Biya-lors-du-Sommet-extraordinaire-de-la-Cemac-600x320.jpg 600w\" sizes=\"auto, (max-width: 750px) 100vw, 750px\"><\/p>\n<ul>\n<li style=\"text-align: justify;\">Messieurs les Pr\u00e9sidents et Chers Fr\u00e8res\u00a0;<\/li>\n<li style=\"text-align: justify;\">Monsieur le Premier Ministre du Congo\u00a0;<\/li>\n<li style=\"text-align: justify;\">Distingu\u00e9s Invit\u00e9s\u00a0;<\/li>\n<li style=\"text-align: justify;\">Mesdames, Messieurs\u00a0;<\/li>\n<\/ul>\n<p style=\"text-align: justify;\">Permettez-moi d\u2019abord de me f\u00e9liciter, \u00e0 juste titre, des \u00e9changes denses et fructueux que nous venons d\u2019avoir au cours de ce Sommet. Je tiens aussi \u00e0 remercier particuli\u00e8rement nos partenaires au d\u00e9veloppement. Notamment Madame la Directrice G\u00e9n\u00e9rale du Fonds Mon\u00e9taire International, Monsieur le Pr\u00e9sident de la Banque Mondiale, Monsieur le Pr\u00e9sident de la Banque Africaine de D\u00e9veloppement, ainsi que Monsieur le Repr\u00e9sentant du Ministre fran\u00e7ais de l\u2019Economie et des Finances. Leurs pr\u00e9cieuses contributions et leurs conseils avis\u00e9s ont ajout\u00e9 de la valeur \u00e0 nos travaux.<\/p>\n<p style=\"text-align: justify;\">Comme nous le savons tous, le contexte mondial actuel est in\u00e9dit. Nos \u00e9conomies sont certes profond\u00e9ment affect\u00e9es, mais elles r\u00e9sistent tout de m\u00eame. Ce r\u00e9sultat d\u00e9coule en grande partie de la mise en \u0153uvre des mesures pr\u00e9conis\u00e9es par le PREF-CEMAC ainsi que de nos plans de riposte contre la pand\u00e9mie du COVID. Il convient tout de m\u00eame d\u2019engager de nouvelles mesures structurelles dans le cadre des programmes de r\u00e9forme de seconde g\u00e9n\u00e9ration.<\/p>\n<p style=\"text-align: justify;\">Mais avant tout autre chose, je voudrais r\u00e9affirmer l\u2019attachement ind\u00e9fectible de notre Communaut\u00e9 et de nos peuples aux id\u00e9aux de paix, de stabilit\u00e9 et de s\u00e9curit\u00e9. Nos efforts y relatifs vont se poursuivre en s\u2019intensifiant, afin de garantir de meilleures conditions pour un d\u00e9veloppement durable de nos pays en qu\u00eate de prosp\u00e9rit\u00e9.<\/p>\n<p style=\"text-align: justify;\">Pour notre relance \u00e9conomique, nous allons miser sur une croissance forte, durable et inclusive, en mettant au centre de nos pr\u00e9occupations le bien-\u00eatre de nos concitoyens. Ce qui passe par leur meilleur acc\u00e8s aux services sociaux de base, notamment \u00e0 ceux de sant\u00e9, d\u2019\u00e9ducation, de protection sociale des plus vuln\u00e9rables, etc.<\/p>\n<p style=\"text-align: justify;\">C\u2019est dans ce sens que nous avons salu\u00e9 les initiatives de nos partenaires au d\u00e9veloppement. En l\u2019occurrence la r\u00e9cente d\u00e9cision du FMI au sujet des Droits de Tirage Sp\u00e9ciaux dont j\u2019ai parl\u00e9e dans mon propos d\u2019ouverture.<\/p>\n<p style=\"text-align: justify;\">S\u2019agissant de nos finances publiques, les actions de consolidation devraient tirer le meilleur profit des opportunit\u00e9s qu\u2019offre la transformation digitale. L\u2019enjeu est celui d\u2019une mobilisation optimale des recettes fiscales non p\u00e9troli\u00e8res, pour rendre nos \u00e9conomies moins d\u00e9pendantes des mati\u00e8res premi\u00e8res.<\/p>\n<p style=\"text-align: justify;\">Pour ce qui est de notre politique mon\u00e9taire, la reconstitution p\u00e9renne de notre position ext\u00e9rieure devrait continuer avec plus de d\u00e9termination. Une d\u00e9marche qui n\u00e9cessite la diversification de nos exportations et une meilleure int\u00e9gration des cha\u00eenes de valeur. Il nous faudra \u00e9galement veiller \u00e0 la stabilit\u00e9 de notre syst\u00e8me financier. Notre place boursi\u00e8re sous-r\u00e9gionale doit monter en puissance pour mobiliser suffisamment l\u2019\u00e9pargne et financer les entreprises.<\/p>\n<p style=\"text-align: justify;\">Il peut aussi s\u2019av\u00e9rer utile de revoir, avec le soutien de nos partenaires techniques et financiers, l\u2019ensemble des dispositions contenues dans nos programmes de r\u00e9formes \u00e9conomiques et financi\u00e8res.<\/p>\n<ul style=\"text-align: justify;\">\n<li>Messieurs les Pr\u00e9sidents et Chers Fr\u00e8res ;<\/li>\n<li>Monsieur le Premier Ministre\u00a0du Congo ;<\/li>\n<li>Distingu\u00e9s Invit\u00e9s\u00a0;<\/li>\n<li>Mesdames, Messieurs\u00a0;<\/li>\n<\/ul>\n<p style=\"text-align: justify;\">Le monde dans lequel nous vivons\u00a0 devient de plus en plus incertain. De nouvelles sources de vuln\u00e9rabilit\u00e9 ou de fragilit\u00e9 apparaissent \u00e0 un rythme \u00e9lev\u00e9. En t\u00e9moignent\u00a0: les perturbations li\u00e9es aux changements climatiques, l\u2019apparition de formes diverses de conflictualit\u00e9s, et la crise sanitaire actuelle.<\/p>\n<p style=\"text-align: justify;\">Pour y r\u00e9pondre, notre Communaut\u00e9 devra puiser dans son exp\u00e9rience des crises ant\u00e9rieures, notamment la crise de 2016, et \u00e9laborer de nouveaux plans de riposte. Comme je l\u2019ai dit pr\u00e9c\u00e9demment, la solidarit\u00e9 constitue notre atout majeur.<\/p>\n<p style=\"text-align: justify;\">Dans le cadre de la riposte contre le COVID-19 en particulier, nous devons consolider les acquis d\u00e9j\u00e0 engrang\u00e9s et renforcer la mobilisation en faveur des campagnes de vaccination en cours dans nos pays.<\/p>\n<p style=\"text-align: justify;\">C\u2019est dans cet esprit que la relance post COVID-19 conduira \u00e0 la transformation structurelle de nos \u00e9conomies. Une relance que nous voulons \u00e0 la fois verte, diversifi\u00e9e, inclusive et plus r\u00e9siliente. En d\u2019autres termes, il nous faudra reconstruire en mieux, pour le bien de nos concitoyens d\u2019aujourd\u2019hui et de demain. Cela, Je pense, est \u00e0 notre port\u00e9e.<\/p>\n<p style=\"text-align: justify;\">Vive l\u2019int\u00e9gration sous-r\u00e9gionale\u00a0;<\/p>\n<p style=\"text-align: justify;\">Vive la solidarit\u00e9 internationale.<\/p>\n<p style=\"text-align: justify;\">Je vous remercie de votre aimable attention.<\/p>\n<p style=\"text-align: justify;\">\n<p>Cet article <a rel=\"nofollow\" href=\"https:\/\/www.journalducameroun.com\/cameroun-discours-de-cloture-du-president-paul-biya-lors-du-sommet-extraordinaire-de-la-cemac\/\">Cameroun : discours de cl\u00f4ture du pr\u00e9sident Paul Biya lors du Sommet extraordinaire de la Cemac<\/a> est apparu en premier sur <a rel=\"nofollow\" href=\"https:\/\/www.journalducameroun.com\/\">Journal du Cameroun<\/a>.<\/p>\n<\/div>\n<p>Auteur: Christian DJIMADEU<br \/>\n<a href=\"https:\/\/www.journalducameroun.com\/cameroun-discours-de-cloture-du-president-paul-biya-lors-du-sommet-extraordinaire-de-la-cemac\/\">Cliquez ici pour lire l&rsquo;article depuis sa source.<\/a><\/p>\n","protected":false},"excerpt":{"rendered":"<p>Messieurs les Pr\u00e9sidents et Chers Fr\u00e8res\u00a0; Monsieur le Premier Ministre du Congo\u00a0; Distingu\u00e9s Invit\u00e9s\u00a0; Mesdames, Messieurs\u00a0; Permettez-moi d\u2019abord de me f\u00e9liciter, \u00e0 juste titre, des \u00e9changes denses et fructueux que nous venons d\u2019avoir au cours de ce Sommet. Je tiens aussi \u00e0 remercier particuli\u00e8rement nos partenaires au d\u00e9veloppement. Notamment Madame la Directrice G\u00e9n\u00e9rale du Fonds [&hellip;]<\/p>\n","protected":false},"author":1965,"featured_media":0,"comment_status":"closed","ping_status":"closed","sticky":false,"template":"","format":"standard","meta":{"fifu_image_url":"https:\/\/www.journalducameroun.com\/wp-content\/uploads\/2021\/08\/Paul-Biya-lors-du-Sommet-extraordinaire-de-la-Cemac.jpg","fifu_image_alt":"Cameroun : discours de cl\u00f4ture du pr\u00e9sident Paul Biya lors du Sommet extraordinaire de la Cemac","footnotes":""},"categories":[73,82],"tags":[],"class_list":["post-124512","post","type-post","status-publish","format-standard","hentry","category-actualite","category-cameroun"],"_links":{"self":[{"href":"https:\/\/linitiative.ca\/International\/wp-json\/wp\/v2\/posts\/124512","targetHints":{"allow":["GET"]}}],"collection":[{"href":"https:\/\/linitiative.ca\/International\/wp-json\/wp\/v2\/posts"}],"about":[{"href":"https:\/\/linitiative.ca\/International\/wp-json\/wp\/v2\/types\/post"}],"author":[{"embeddable":true,"href":"https:\/\/linitiative.ca\/International\/wp-json\/wp\/v2\/users\/1965"}],"replies":[{"embeddable":true,"href":"https:\/\/linitiative.ca\/International\/wp-json\/wp\/v2\/comments?post=124512"}],"version-history":[{"count":0,"href":"https:\/\/linitiative.ca\/International\/wp-json\/wp\/v2\/posts\/124512\/revisions"}],"wp:attachment":[{"href":"https:\/\/linitiative.ca\/International\/wp-json\/wp\/v2\/media?parent=124512"}],"wp:term":[{"taxonomy":"category","embeddable":true,"href":"https:\/\/linitiative.ca\/International\/wp-json\/wp\/v2\/categories?post=124512"},{"taxonomy":"post_tag","embeddable":true,"href":"https:\/\/linitiative.ca\/International\/wp-json\/wp\/v2\/tags?post=124512"}],"curies":[{"name":"wp","href":"https:\/\/api.w.org\/{rel}","templated":true}]}}