{"id":124516,"date":"2021-08-18T17:18:02","date_gmt":"2021-08-18T21:18:02","guid":{"rendered":"https:\/\/linitiative.ca\/International\/covid-19-253-nouveaux-cas-et-4-deces-en-cote-divoire-mercredi\/"},"modified":"2021-08-18T17:18:02","modified_gmt":"2021-08-18T21:18:02","slug":"covid-19-253-nouveaux-cas-et-4-deces-en-cote-divoire-mercredi","status":"publish","type":"post","link":"https:\/\/linitiative.ca\/International\/covid-19-253-nouveaux-cas-et-4-deces-en-cote-divoire-mercredi\/","title":{"rendered":"Covid-19: 253 nouveaux cas et 4 d\u00e9c\u00e8s en C\u00f4te d\u2019Ivoire, mercredi"},"content":{"rendered":"<div>\n<p><img loading=\"lazy\" decoding=\"async\" width=\"512\" height=\"341\" src=\"https:\/\/linitiative.ca\/International\/wp-content\/uploads\/sites\/23\/2021\/08\/16293214827040.jpg\" class=\"attachment-post-thumbnail size-post-thumbnail wp-post-image\" alt=\"\" srcset=\"https:\/\/linitiative.ca\/International\/wp-content\/uploads\/sites\/23\/2021\/08\/16293214827040.jpg 512w, https:\/\/www.journalducameroun.com\/wp-content\/uploads\/2021\/08\/16293214827040-300x200.jpg 300w\" sizes=\"auto, (max-width: 512px) 100vw, 512px\"><\/p>\n<p>Quelques 253 nouveaux cas de covid-19 et 4 d\u00e9c\u00e8s ont \u00e9t\u00e9 enregistr\u00e9s, mercredi, en C\u00f4te d&rsquo;Ivoire o\u00f9 la pand\u00e9mie connait une flamb\u00e9e depuis quelques semaines.<\/p>\n<p>Selon un communiqu\u00e9 re\u00e7u \u00e0 APA, le minist\u00e8re de la Sant\u00e9, de l&rsquo;hygi\u00e8ne publique et de la couverture maladie universelle a enregistr\u00e9 \u00ab ce mercredi 18 ao\u00fbt 2021, 253 nouveaux cas de Covid-19 sur 4 241 \u00e9chantillons pr\u00e9lev\u00e9s soit \u00a06 % de cas positifs, 192 gu\u00e9ris et 4 d\u00e9c\u00e8s \u00bb.<\/p>\n<p>A la date du 18 ao\u00fbt 2021, la C\u00f4te d&rsquo;Ivoire compte donc 52 836 cas confirm\u00e9s dont 51 772 personnes gu\u00e9ries, 369 d\u00e9c\u00e8s et 695 cas actifs. Le nombre total d&rsquo;\u00e9chantillons est de 847 957.<\/p>\n<p>Le 17 ao\u00fbt, 9 463 doses de vaccins contre la Covid-19 ont \u00e9t\u00e9 administr\u00e9es soit un total de 1 246 309 doses administr\u00e9es.<\/p>\n<p>\u00ab Le ministre de la Sant\u00e9, de l&rsquo;hygi\u00e8ne publique et de la couverture maladie universelle invite toutes les personnes de plus de 18 ans \u00e0 se faire vacciner dans les centres de vaccination \u00bb, poursuivit le communiqu\u00e9, ajoutant que \u00ab la vaccination contre la \u00a0Covid-19 est gratuite et volontaire \u00bb.<\/p>\n<p>Cet article <a rel=\"nofollow\" href=\"https:\/\/www.journalducameroun.com\/covid-19-253-nouveaux-cas-et-4-deces-en-cote-divoire-mercredi\/\">Covid-19: 253 nouveaux cas et 4 d\u00e9c\u00e8s en C\u00f4te d\u2019Ivoire, mercredi<\/a> est apparu en premier sur <a rel=\"nofollow\" href=\"https:\/\/www.journalducameroun.com\/\">Journal du Cameroun<\/a>.<\/p>\n<\/div>\n<p>Auteur: APA News<br \/>\n<a href=\"https:\/\/www.journalducameroun.com\/covid-19-253-nouveaux-cas-et-4-deces-en-cote-divoire-mercredi\/\">Cliquez ici pour lire l&rsquo;article depuis sa source.<\/a><\/p>\n","protected":false},"excerpt":{"rendered":"<p>Quelques 253 nouveaux cas de covid-19 et 4 d\u00e9c\u00e8s ont \u00e9t\u00e9 enregistr\u00e9s, mercredi, en C\u00f4te d&rsquo;Ivoire o\u00f9 la pand\u00e9mie connait une flamb\u00e9e depuis quelques semaines. Selon un communiqu\u00e9 re\u00e7u \u00e0 APA, le minist\u00e8re de la Sant\u00e9, de l&rsquo;hygi\u00e8ne publique et de la couverture maladie universelle a enregistr\u00e9 \u00ab ce mercredi 18 ao\u00fbt 2021, 253 nouveaux [&hellip;]<\/p>\n","protected":false},"author":1965,"featured_media":0,"comment_status":"closed","ping_status":"closed","sticky":false,"template":"","format":"standard","meta":{"fifu_image_url":"https:\/\/www.journalducameroun.com\/wp-content\/uploads\/2021\/08\/16293214827040.jpg","fifu_image_alt":"Covid-19: 253 nouveaux cas et 4 d\u00e9c\u00e8s en C\u00f4te d\u2019Ivoire, mercredi","footnotes":""},"categories":[73,82],"tags":[],"class_list":["post-124516","post","type-post","status-publish","format-standard","hentry","category-actualite","category-cameroun"],"_links":{"self":[{"href":"https:\/\/linitiative.ca\/International\/wp-json\/wp\/v2\/posts\/124516","targetHints":{"allow":["GET"]}}],"collection":[{"href":"https:\/\/linitiative.ca\/International\/wp-json\/wp\/v2\/posts"}],"about":[{"href":"https:\/\/linitiative.ca\/International\/wp-json\/wp\/v2\/types\/post"}],"author":[{"embeddable":true,"href":"https:\/\/linitiative.ca\/International\/wp-json\/wp\/v2\/users\/1965"}],"replies":[{"embeddable":true,"href":"https:\/\/linitiative.ca\/International\/wp-json\/wp\/v2\/comments?post=124516"}],"version-history":[{"count":0,"href":"https:\/\/linitiative.ca\/International\/wp-json\/wp\/v2\/posts\/124516\/revisions"}],"wp:attachment":[{"href":"https:\/\/linitiative.ca\/International\/wp-json\/wp\/v2\/media?parent=124516"}],"wp:term":[{"taxonomy":"category","embeddable":true,"href":"https:\/\/linitiative.ca\/International\/wp-json\/wp\/v2\/categories?post=124516"},{"taxonomy":"post_tag","embeddable":true,"href":"https:\/\/linitiative.ca\/International\/wp-json\/wp\/v2\/tags?post=124516"}],"curies":[{"name":"wp","href":"https:\/\/api.w.org\/{rel}","templated":true}]}}