{"id":124518,"date":"2021-08-18T17:18:02","date_gmt":"2021-08-18T21:18:02","guid":{"rendered":"https:\/\/linitiative.ca\/International\/dix-agents-penitentiaires-grevistes-arretes-a-la-prison-dabidjan-syndicat\/"},"modified":"2021-08-18T17:18:02","modified_gmt":"2021-08-18T21:18:02","slug":"dix-agents-penitentiaires-grevistes-arretes-a-la-prison-dabidjan-syndicat","status":"publish","type":"post","link":"https:\/\/linitiative.ca\/International\/dix-agents-penitentiaires-grevistes-arretes-a-la-prison-dabidjan-syndicat\/","title":{"rendered":"Dix agents p\u00e9nitentiaires gr\u00e9vistes arr\u00eat\u00e9s \u00e0 la prison d\u2019Abidjan (syndicat)"},"content":{"rendered":"<div>\n<p><img loading=\"lazy\" decoding=\"async\" width=\"300\" height=\"168\" src=\"https:\/\/linitiative.ca\/International\/wp-content\/uploads\/sites\/23\/2021\/08\/16293214825673.jpg\" class=\"attachment-post-thumbnail size-post-thumbnail wp-post-image\" alt=\"\" srcset=\"https:\/\/linitiative.ca\/International\/wp-content\/uploads\/sites\/23\/2021\/08\/16293214825673.jpg 300w, https:\/\/www.journalducameroun.com\/wp-content\/uploads\/2021\/08\/16293214825673-780x440.jpg 780w, https:\/\/www.journalducameroun.com\/wp-content\/uploads\/2021\/08\/16293214825673-160x90.jpg 160w, https:\/\/www.journalducameroun.com\/wp-content\/uploads\/2021\/08\/16293214825673-240x135.jpg 240w\" sizes=\"auto, (max-width: 300px) 100vw, 300px\"><\/p>\n<p>Dix gardes p\u00e9nitentiaires gr\u00e9vistes ont \u00e9t\u00e9 arr\u00eat\u00e9s, mercredi, \u00e0 la Maison d&rsquo;arr\u00eat et de correction d&rsquo;Abidjan (MACA), selon le secr\u00e9taire g\u00e9n\u00e9ral du Syndicat national des agents p\u00e9nitentiaires de C\u00f4te d&rsquo;Ivoire (Synapci), le lieutenant Micha\u00ebl Dago Oko.<\/p>\n<p>\u00ab\u00a0Dix personnes ont \u00e9t\u00e9 arr\u00eat\u00e9es, bastonn\u00e9es et leurs portables arrach\u00e9s\u00a0\u00bb \u00e0 la Maca, la plus grande prison du pays, a d\u00e9clar\u00e9 \u00e0 APA le lieutenant Micha\u00ebl Dago Oko qui consid\u00e8re cela comme \u00ab\u00a0une humiliation d&rsquo;une corporation nationale, pour avoir pos\u00e9 une revendication\u00a0\u00bb.<\/p>\n<p>Astreints au port de la tenue pour le service, \u00ab\u00a0l&rsquo;Etat de C\u00f4te d&rsquo;Ivoire d\u00e9bourse chaque ann\u00e9e un budget pour nous doter \u00a0de tenues, mais malheureusement quand le budget est vot\u00e9, on ne sait pas o\u00f9 notre argent va et on ne nous donne pas ces tenues\u00a0\u00bb, et ce depuis 2014, a-t-il dit.\u00a0<\/p>\n<p>La dotation prend en compte, le chapeau, les ceinturons, la chemise et la chaussure que le minist\u00e8re de la Justice g\u00e8re, \u00a0mais faute de tenues, \u00ab\u00a0les agents eux-m\u00eames se font confectionner des tenues\u00a0\u00bb en raison de 50.000 Fcfa par tenue, a fait observer le lieutenant Oko.\u00a0<\/p>\n<p>Le secr\u00e9taire g\u00e9n\u00e9ral du Synapci a appel\u00e9 le Garde des sceaux \u00e0 prendre un arr\u00eat\u00e9 d&rsquo;application minist\u00e9riel pour que la tenue s&rsquo;accompagne par le galonage. Car, \u00e0 d\u00e9faut de cette disposition, chacun s&rsquo;habille dans le \u00ab\u00a0billard\u00a0\u00bb avec des grades qu&rsquo;il s&rsquo;octroie.<\/p>\n<p>Le syndicat, ajoutera-t-il, revendique un bail plus cons\u00e9quent, parce que les taux actuels dont \u00ab\u00a0le plus bas est \u00e0 70.000 Fcfa et de fa\u00e7on graduelle \u00e0 80.000 Fcfa, 90.000 Fcfa et 170.000 Fcfa \u00ab\u00a0ne sont plus concurrentiels sur le terrain\u00a0\u00bb.<\/p>\n<p>Par ailleurs, pour le r\u00e8glement, \u00ab\u00a0lorsqu&rsquo;on doit payer nos baux, c&rsquo;est la tr\u00e9sorerie de C\u00f4te d&rsquo;Ivoire qui a toujours un souci de liquidit\u00e9 pour payer le bail\u00a0\u00bb, qui est un contrat entre l&rsquo;Etat et le propri\u00e9taire de la maison, s&rsquo;est-il insurg\u00e9.<\/p>\n<p>\u00ab\u00a0L&rsquo;Etat ne paie pas ces baux l\u00e0 au point qu&rsquo;on vient expulser le fonctionnaire de sa maison\u00a0\u00bb, a-t-il poursuivi, ironisant qu'\u00a0\u00bbon ne peut pas compter le nombre\u00a0\u00bb dans cette situation et les plaintes sont toujours au Cabinet du ministre de tutelle.\u00a0<\/p>\n<p>Un d\u00e9ploiement impressionnant des forces de l&rsquo;ordre \u00e9tait observ\u00e9 mercredi \u00e0 la Maca de 7h30 \u00e0 13h (GMT, heure locale) en raison de la gr\u00e8ve des agents p\u00e9nitentiaires, qui \u00e0 en croire le lieutenant Micha\u00ebl Dago, s&rsquo;\u00e9tendrait \u00e0 l&rsquo;int\u00e9rieur du pays.\u00a0<\/p>\n<p>La gr\u00e8ve a \u00e9t\u00e9 lanc\u00e9e par un Collectif de syndicats, le Synapci, le Syapci et le Synapapci. Selon le lieutenant Oko, le mouvement, suivi \u00e0 100% \u00e0 la Maca et \u00e0 l&rsquo;int\u00e9rieur du pays, intervient apr\u00e8s une insatisfaction des revendications.\u00a0<\/p>\n<p>Aujourd&rsquo;hui, les agents p\u00e9nitentiaires en C\u00f4te d&rsquo;Ivoire sont estim\u00e9s \u00e0 4.000 personnes. Ces agents, consid\u00e9r\u00e9s comme des fonctionnaires, ont un profil de carri\u00e8re de la cat\u00e9gorie C3 jusqu&rsquo;\u00e0 la cat\u00e9gorie A7.<\/p>\n<p>Cet article <a rel=\"nofollow\" href=\"https:\/\/www.journalducameroun.com\/dix-agents-penitentiaires-grevistes-arretes-a-la-prison-dabidjan-syndicat\/\">Dix agents p\u00e9nitentiaires gr\u00e9vistes arr\u00eat\u00e9s \u00e0 la prison d\u2019Abidjan (syndicat)<\/a> est apparu en premier sur <a rel=\"nofollow\" href=\"https:\/\/www.journalducameroun.com\/\">Journal du Cameroun<\/a>.<\/p>\n<\/div>\n<p>Auteur: APA News<br \/>\n<a href=\"https:\/\/www.journalducameroun.com\/dix-agents-penitentiaires-grevistes-arretes-a-la-prison-dabidjan-syndicat\/\">Cliquez ici pour lire l&rsquo;article depuis sa source.<\/a><\/p>\n","protected":false},"excerpt":{"rendered":"<p>Dix gardes p\u00e9nitentiaires gr\u00e9vistes ont \u00e9t\u00e9 arr\u00eat\u00e9s, mercredi, \u00e0 la Maison d&rsquo;arr\u00eat et de correction d&rsquo;Abidjan (MACA), selon le secr\u00e9taire g\u00e9n\u00e9ral du Syndicat national des agents p\u00e9nitentiaires de C\u00f4te d&rsquo;Ivoire (Synapci), le lieutenant Micha\u00ebl Dago Oko. \u00ab\u00a0Dix personnes ont \u00e9t\u00e9 arr\u00eat\u00e9es, bastonn\u00e9es et leurs portables arrach\u00e9s\u00a0\u00bb \u00e0 la Maca, la plus grande prison du pays, [&hellip;]<\/p>\n","protected":false},"author":1965,"featured_media":0,"comment_status":"closed","ping_status":"closed","sticky":false,"template":"","format":"standard","meta":{"fifu_image_url":"https:\/\/www.journalducameroun.com\/wp-content\/uploads\/2021\/08\/16293214825673.jpg","fifu_image_alt":"Dix agents p\u00e9nitentiaires gr\u00e9vistes arr\u00eat\u00e9s \u00e0 la prison d\u2019Abidjan (syndicat)","footnotes":""},"categories":[73,82],"tags":[],"class_list":["post-124518","post","type-post","status-publish","format-standard","hentry","category-actualite","category-cameroun"],"_links":{"self":[{"href":"https:\/\/linitiative.ca\/International\/wp-json\/wp\/v2\/posts\/124518","targetHints":{"allow":["GET"]}}],"collection":[{"href":"https:\/\/linitiative.ca\/International\/wp-json\/wp\/v2\/posts"}],"about":[{"href":"https:\/\/linitiative.ca\/International\/wp-json\/wp\/v2\/types\/post"}],"author":[{"embeddable":true,"href":"https:\/\/linitiative.ca\/International\/wp-json\/wp\/v2\/users\/1965"}],"replies":[{"embeddable":true,"href":"https:\/\/linitiative.ca\/International\/wp-json\/wp\/v2\/comments?post=124518"}],"version-history":[{"count":0,"href":"https:\/\/linitiative.ca\/International\/wp-json\/wp\/v2\/posts\/124518\/revisions"}],"wp:attachment":[{"href":"https:\/\/linitiative.ca\/International\/wp-json\/wp\/v2\/media?parent=124518"}],"wp:term":[{"taxonomy":"category","embeddable":true,"href":"https:\/\/linitiative.ca\/International\/wp-json\/wp\/v2\/categories?post=124518"},{"taxonomy":"post_tag","embeddable":true,"href":"https:\/\/linitiative.ca\/International\/wp-json\/wp\/v2\/tags?post=124518"}],"curies":[{"name":"wp","href":"https:\/\/api.w.org\/{rel}","templated":true}]}}