{"id":124520,"date":"2021-08-18T03:41:52","date_gmt":"2021-08-18T07:41:52","guid":{"rendered":"https:\/\/linitiative.ca\/International\/sommet-extraordinaire-de-la-cemac-ce-que-le-fmi-exige-des-chefs-detats\/"},"modified":"2021-08-18T03:41:52","modified_gmt":"2021-08-18T07:41:52","slug":"sommet-extraordinaire-de-la-cemac-ce-que-le-fmi-exige-des-chefs-detats","status":"publish","type":"post","link":"https:\/\/linitiative.ca\/International\/sommet-extraordinaire-de-la-cemac-ce-que-le-fmi-exige-des-chefs-detats\/","title":{"rendered":"Sommet extraordinaire de la Cemac : ce que le FMI exige des chefs d\u2019Etats"},"content":{"rendered":"<div>\n<p>Et de trois pour la Communaut\u00e9 \u00e9conomique et mon\u00e9taire de l\u2019Afrique centrale (Cemac). Apr\u00e8s les rendez-vous du 23 d\u00e9cembre 2016 et du 22 novembre 2019, le pr\u00e9sident en exercice de la Cemac, Paul Biya r\u00e9unit ses pairs ce 18 ao\u00fbt 2021, en visioconf\u00e9rence, pour un sommet extraordinaire de la Conf\u00e9rence des chefs d\u2019Etat de la Cemac. En raison de la persistance de la conjoncture \u00e9conomique toujours d\u00e9favorable, depuis 2014, des invit\u00e9s sp\u00e9ciaux sont convi\u00e9s au conclave de Yaound\u00e9. Le ministre des Finances de la France, Bruno Lemaire, le directeur g\u00e9n\u00e9ral du Fonds mon\u00e9taire international (FMI), Kristalina Georgieva, le pr\u00e9sident de la Banque africaine de d\u00e9veloppement (BAD), Akinwumi Adesina, vont d\u00e9livrer des communications. Le repr\u00e9sentant de la Banque mondiale, Ousmane Diagana, ne va pas prendre la parole.<\/p>\n<p><strong>Lire aussi <\/strong>: <strong><a href=\"https:\/\/ecomatin.net\/cemac-les-etats-instruisent-lacceleration-n-de-lindustrialisation-et-la-promotion-de-limport-substitution\/\">Cemac : les Etats instruisent l\u2019acc\u00e9l\u00e9ration de l\u2019industrialisation et la promotion de l\u2019import-substitution<\/a><\/strong><\/p>\n<p>Cette rencontre va s\u2019appesantir sur\u00a0<strong><a href=\"https:\/\/ecomatin.net\/cemac-les-ministres-de-lueac-soumettent-aux-chefs-detats-un-plan-de-relance-post-covid\/\">la strat\u00e9gie de relance \u00e9conomique post Covid-19 de la Cemac<\/a><\/strong>. Selon la Commission de la Cemac, l\u2019\u00e9valuation r\u00e9cente des incidences de la pand\u00e9mie de la Covid-19 d\u00e9montre que les \u00e9conomies de la Cemac continuent de payer le lourd tribut de la pand\u00e9mie. On peut \u00e9voquer : l\u2019augmentation du stock de la dette pass\u00e9 de 49,1% \u00e0 55,6% du PIB en un an, le recul des r\u00e9serves de change. Alors que la sous-r\u00e9gion comptait sur quatre mois d\u2019importations au premier semestre 2020, un an apr\u00e8s ce stock a fondu de 1116 milliards FCFA soit 0,3 mois d\u2019importation de biens et services. De m\u00eame, les finances publiques se sont priv\u00e9es de 2747 milliards FCFA du fait des mesures \u00e9conomiques pour soutenir les entreprises.<\/p>\n<p><strong>Lire aussi<\/strong> : <strong><a href=\"https:\/\/ecomatin.net\/cemac-le-cameroun-accueille-le-18-aout-prochain-le-sommet-extraordinaire-des-chefs-detats\/\">Cemac : le Cameroun accueille le 18 ao\u00fbt prochain, le sommet extraordinaire des chefs d\u2019Etats<\/a><\/strong><\/p>\n<p><strong><a href=\"https:\/\/ecomatin.net\/cemac-le-cameroun-accueille-le-18-aout-prochain-le-sommet-extraordinaire-des-chefs-detats\/\">Ce sommet extraordinaire<\/a><\/strong>\u00a0sera aussi l\u2019occasion de faire le point de l\u2019ex\u00e9cution des programmes de r\u00e9formes \u00e9conomiques et financi\u00e8res sign\u00e9s entre les pays de la Cemac et le FMI en 2017 et les conditions de n\u00e9gociations des programmes de deuxi\u00e8me g\u00e9n\u00e9ration, pour parachever les r\u00e9formes structurelles requises par le FMI et les partenaires multilat\u00e9raux. Ces aspects \u00e9taient \u00e0 l\u2019ordre du jour d\u2019une session du conseil d\u2019administration du FMI, le 30 juin 2021. Le FMI a not\u00e9 que durant la premi\u00e8re phase, \u201cla mise en \u0153uvre des recommandations s\u2019est av\u00e9r\u00e9e parfois difficile\u201d, bl\u00e2mant \u201cle manque d\u2019adh\u00e9sion, notamment au niveau le plus \u00e9lev\u00e9, \u00e0 un programme de r\u00e9formes solide et strat\u00e9gique\u201d. Aussi en vue de la conclusion des programmes de deuxi\u00e8me g\u00e9n\u00e9ration, les \u00e9quipes du Fonds ont \u00e9tabli une liste serr\u00e9e de r\u00e9formes ainsi qu\u2019un calendrier assez d\u00e9taill\u00e9 pour leur mise en \u0153uvre. Il s\u2019agit, par exemple, d\u2019assainir l\u2019utilisation des ressources publiques. Ce qui passe par l\u2019instauration des Cours de Comptes dans tous les Etats de la Cemac; des Comptes uniques du Tr\u00e9sor (CUT) fonctionnels d\u2019ici \u00e0 la fin 2021\/mi-2022.<\/p>\n<p><strong>Lire aussi<\/strong> : <strong><a href=\"https:\/\/ecomatin.net\/cemac-les-ministres-de-lueac-soumettent-aux-chefs-detats-un-plan-de-relance-post-covid\/\">Cemac : les ministres de l\u2019Ueac soumettent aux chefs d\u2019Etats un plan de relance post-covid<\/a><\/strong><\/p>\n<p>A court terme, chaque pays doit \u201cpublier les crit\u00e8res de s\u00e9lection des projets et les entrepreneurs retenus\u201d pour l\u2019attribution des march\u00e9s publics. Il faut aussi \u201cpublier les \u00e9tats financiers v\u00e9rifi\u00e9s de toutes les entreprises publiques d\u2019importance syst\u00e9mique\u201d. Dans un d\u00e9lai d\u2019un an, des \u201csolutions automatis\u00e9es de d\u00e9douanement des marchandises\u201d doivent \u00eatre d\u00e9ploy\u00e9es sur la base d\u2019un \u201ccode communautaire de proc\u00e9dures fiscales\u201d, accompagn\u00e9 d\u2019un \u201cobservatoire r\u00e9gional\u201d. D\u2019ici \u00e0 la fin de l\u2019ann\u00e9e, la Beac est invit\u00e9e \u00e0 supprimer les injections hebdomadaires de liquidit\u00e9s dans le syst\u00e8me bancaire, lanc\u00e9es en r\u00e9ponse \u00e0 la crise du Covid-19. Il est \u00e9galement aux parties prenantes de mettre en \u0153uvre l\u2019exigence de rapatriement des devises des entreprises du secteur extractif.<\/p>\n<p><strong>Lire aussi<\/strong> : <strong><a href=\"https:\/\/ecomatin.net\/conjoncture-lavenirr-socio-economique-preoccupe-les-ministres-s-de-leconomie-de-la-cemac\/\">Conjoncture : l\u2019avenir socio-\u00e9conomique pr\u00e9occupe les ministres de l\u2019Economie de la Cemac<\/a><\/strong><\/p>\n<p>Enfin, les chefs d\u2019\u00c9tat devront aussi valider un nouveau m\u00e9canisme de sanctions pour les gouvernements qui ne respectent pas les r\u00e8gles de surveillance multilat\u00e9rale. Adopt\u00e9 en janvier 2021 par leurs ministres, ce m\u00e9canisme concerne, outre la dette publique, le d\u00e9ficit budg\u00e9taire doit \u00eatre positif ou nul, l\u2019inflation en-dessous de 3 % et sans arri\u00e9r\u00e9s de paiement.<\/p>\n<p><strong>Avec Jeune Afrique<\/strong><\/p>\n<p>L\u2019article <a rel=\"nofollow\" href=\"https:\/\/ecomatin.net\/sommet-extraordinaire-de-la-cemac-ce-que-le-fmi-exige-des-chefs-s-detats\/\">Sommet extraordinaire de la Cemac : ce que le FMI exige des chefs d\u2019Etats<\/a> est apparu en premier sur <a rel=\"nofollow\" href=\"https:\/\/ecomatin.net\/\">EcoMatin<\/a>.<\/p>\n<\/div>\n<p>Auteur: EcoMatin<br \/>\n<a href=\"https:\/\/ecomatin.net\/sommet-extraordinaire-de-la-cemac-ce-que-le-fmi-exige-des-chefs-s-detats\/\">Cliquez ici pour lire l&rsquo;article depuis sa source.<\/a><\/p>\n","protected":false},"excerpt":{"rendered":"<p>Et de trois pour la Communaut\u00e9 \u00e9conomique et mon\u00e9taire de l\u2019Afrique centrale (Cemac). Apr\u00e8s les rendez-vous du 23 d\u00e9cembre 2016 et du 22 novembre 2019, le pr\u00e9sident en exercice de la Cemac, Paul Biya r\u00e9unit ses pairs ce 18 ao\u00fbt 2021, en visioconf\u00e9rence, pour un sommet extraordinaire de la Conf\u00e9rence des chefs d\u2019Etat de la [&hellip;]<\/p>\n","protected":false},"author":1969,"featured_media":0,"comment_status":"closed","ping_status":"closed","sticky":false,"template":"","format":"standard","meta":{"fifu_image_url":"","fifu_image_alt":"","footnotes":""},"categories":[82,78],"tags":[],"class_list":["post-124520","post","type-post","status-publish","format-standard","hentry","category-cameroun","category-economie"],"_links":{"self":[{"href":"https:\/\/linitiative.ca\/International\/wp-json\/wp\/v2\/posts\/124520","targetHints":{"allow":["GET"]}}],"collection":[{"href":"https:\/\/linitiative.ca\/International\/wp-json\/wp\/v2\/posts"}],"about":[{"href":"https:\/\/linitiative.ca\/International\/wp-json\/wp\/v2\/types\/post"}],"author":[{"embeddable":true,"href":"https:\/\/linitiative.ca\/International\/wp-json\/wp\/v2\/users\/1969"}],"replies":[{"embeddable":true,"href":"https:\/\/linitiative.ca\/International\/wp-json\/wp\/v2\/comments?post=124520"}],"version-history":[{"count":0,"href":"https:\/\/linitiative.ca\/International\/wp-json\/wp\/v2\/posts\/124520\/revisions"}],"wp:attachment":[{"href":"https:\/\/linitiative.ca\/International\/wp-json\/wp\/v2\/media?parent=124520"}],"wp:term":[{"taxonomy":"category","embeddable":true,"href":"https:\/\/linitiative.ca\/International\/wp-json\/wp\/v2\/categories?post=124520"},{"taxonomy":"post_tag","embeddable":true,"href":"https:\/\/linitiative.ca\/International\/wp-json\/wp\/v2\/tags?post=124520"}],"curies":[{"name":"wp","href":"https:\/\/api.w.org\/{rel}","templated":true}]}}