{"id":124521,"date":"2021-08-18T07:03:28","date_gmt":"2021-08-18T11:03:28","guid":{"rendered":"https:\/\/linitiative.ca\/International\/credits-bancaires-la-bicec-accorde-un-traitement-de-faveur-a-84-600-fonctionnaires\/"},"modified":"2021-08-18T07:03:28","modified_gmt":"2021-08-18T11:03:28","slug":"credits-bancaires-la-bicec-accorde-un-traitement-de-faveur-a-84-600-fonctionnaires","status":"publish","type":"post","link":"https:\/\/linitiative.ca\/International\/credits-bancaires-la-bicec-accorde-un-traitement-de-faveur-a-84-600-fonctionnaires\/","title":{"rendered":"Cr\u00e9dits bancaires : la Bicec accorde un traitement de faveur \u00e0 84 600 fonctionnaires"},"content":{"rendered":"<div>\n<p>Le 12 ao\u00fbt dernier \u00e0 Yaound\u00e9, la Banque internationale du Cameroun pour l\u2019\u00e9pargne et le cr\u00e9dit (Bicec), filiale locale du Marocain Banque populaire, a sign\u00e9\u00a0un protocole d\u2019accord avec <a href=\"https:\/\/ecomatin.net\/le-mindef-et-la-bicec-signent-un-protocole-daccord-relatif-a-loctroi-de-credits-au-personnel-militaire\/\">le minist\u00e8re camerounais de la D\u00e9fense(Mindef)<\/a>. Gr\u00e2ce \u00e0 cet accord, le personnel civil et militaire du Mindef pourra b\u00e9n\u00e9ficier de cr\u00e9dits \u00e0 court, moyen, voire long terme \u00e0 des conditions avantageuses voire pr\u00e9f\u00e9rentielles. Mais pour cela, quelques conditions pr\u00e9alables doivent \u00eatre remplies. Il faudrait, pour ceux qui le d\u00e9sirent, ouvrir un compte \u00e0 la Bicec et y faire domicilier l\u2019int\u00e9gralit\u00e9 de son salaire durant toute la p\u00e9riode de validit\u00e9 du cr\u00e9dit. Les pr\u00eats seront accord\u00e9s en fonction de la capacit\u00e9 d\u2019endettement et de remboursement de l\u2019emprunteur tels que prescrits par la r\u00e8glementation en vigueur. Pour les cr\u00e9dits de consommation il est pr\u00e9vu qu\u2019ils s\u2019\u00e9tendent sur une dur\u00e9e de 84 mois tandis que les pr\u00eats immobiliers, eux peuvent aller jusqu\u2019\u00e0 180 mois, soit 15 ans. Les quelques 65 019 agents de ce d\u00e9partement minist\u00e9riel auxquels il faudra ajouter le personnel retrait\u00e9 sont donc privil\u00e9gi\u00e9s pour cette op\u00e9ration.<\/p>\n<p><strong>Lire aussi<\/strong> : <strong><a href=\"https:\/\/ecomatin.net\/le-mindef-et-la-bicec-signent-un-protocole-daccord-relatif-a-loctroi-de-credits-au-personnel-militaire\/\">Le Mindef et la Bicec signent un protocole d\u2019accord relatif \u00e0 l\u2019octroi de cr\u00e9dits au personnel militaire<\/a><\/strong><\/p>\n<p>Ce partenariat n\u2019est que le dernier en date d\u2019une s\u00e9rie que l\u2019institution financi\u00e8re a sign\u00e9 avec plusieurs d\u00e9partements minist\u00e9riels depuis le d\u00e9but de l\u2019ann\u00e9e courante. Le 10 f\u00e9vrier 2021, une convention similaire avait \u00e9t\u00e9 sign\u00e9e avec le minist\u00e8re des finances qui comptabilise 11 351 agents, le 25 mai avec le minist\u00e8re de la fonction publique et de la R\u00e9forme administrative qui cumule environ 1 947 agents et 16 Juillet 2021 avec le minist\u00e8re de l\u2019enseignement sup\u00e9rieur(Photo) dont l\u2019effectif selon les chiffres du gouvernement est \u00e9valu\u00e9 \u00e0 quelques 6 294 agents. Calculette en main, c\u2019est \u00e0 un peu plus de 84 611 agents de l\u2019Etat que la Bicec fait les yeux doux. Cela repr\u00e9sente un peu plus de 24,5% du total des effectifs de la fonction publique. Selon un responsable, la banque n\u2019entend pas s\u2019arr\u00eater en si bon chemin et devrait dans les prochains mois signer d\u2019autres engagements pour \u00e9largir le portefeuille des particuliers issus de la fonction publique. La raison de cette pr\u00e9f\u00e9rence, est le faible risque de cr\u00e9dit du \u00e0 la solde r\u00e9guli\u00e8re des agents de l\u2019Etat. Si cela est per\u00e7u comme un atout pour les fonctionnaires, de l\u2019avis des experts, les banques comme la Bicec devraient davantage orienter l\u2019octroi de cr\u00e9dit vers le secteur productif cr\u00e9ateur de richesse. \u00ab En privil\u00e9giant les fonctionnaires les banques financent la consommation et non l\u2019investissement \u00bb commente un expert financier.<\/p>\n<p><strong>Lire aussi<\/strong> : <strong><a href=\"https:\/\/ecomatin.net\/secteur-bancaire-5-milliards-de-fcfa-de-pertess-pourr-la-bicec-en-2020\/\">Bilan 2020: la Bicec affiche une perte de 5 milliards mais reste solide<\/a><\/strong><\/p>\n<p><a href=\"https:\/\/ecomatin.net\/le-nouveau-visage-de-la-bicec-un-an-apres-le-depart-de-la-bpce\/\">Aux mains de BCP depuis 2019<\/a>, la Bicec s\u2019est engag\u00e9e depuis lors dans de profondes r\u00e9formes : arrimage aux fili\u00e8res d\u2019expertise du groupe, acc\u00e9l\u00e9ration et partage de bonnes pratiques, structuration de la feuille de route strat\u00e9gique de la banque, nouveaux produits mon\u00e9tiques et digitaux, parcours clients optimis\u00e9s, qualit\u00e9 de service aux standards internationaux etc. L\u2019une des r\u00e9formes majeures apport\u00e9es au sein de la Bicec reste incontestablement la hausse du capital social pass\u00e9 de 12 milliards \u00e0 49 milliards de FCFA au terme d\u2019une op\u00e9ration de souscription boucl\u00e9e en mars 2020.<\/p>\n<p><strong>Lire aussi<\/strong> : <strong><a href=\"https:\/\/ecomatin.net\/le-marocain-outman-roqdi-est-le-nouveau-dg-de-la-bicec\/\">Le marocain Outman Roqdi est le nouveau DG de la Bicec<\/a><\/strong><\/p>\n<p>Et pour impl\u00e9menter cette touche de changement, le banquier marocain\u00a0<a href=\"https:\/\/ecomatin.net\/le-marocain-outman-roqdi-est-le-nouveau-dg-de-la-bicec\/\">Outman Roqdi<\/a>\u00a0a r\u00e9cemment \u00e9t\u00e9 nomm\u00e9 au poste de directeur g\u00e9n\u00e9ral de l\u2019\u00e9tablissement de cr\u00e9dit. Rappelons que la Bicec est constitu\u00e9 d\u2019un r\u00e9seau de 37 agences \u00e0 travers le Cameroun. La banque dispose de 380.000 clients et pr\u00e8s de 800 employ\u00e9s. 3\u00e8me banque du Cameroun, en mati\u00e8re de total bilan, elle est d\u00e9tenue \u00e0 68,47% par la BCP, 17,5% par l\u2019Etat du Cameroun, 7,5% par des priv\u00e9s camerounais, 5% par le personnel de la banque et 1,5% par l\u2019Institut central des banques populaires italiennes (ICBPI).<\/p>\n<p><strong>Lire aussi<\/strong> : <strong><a href=\"https:\/\/ecomatin.net\/le-nouveau-visage-de-la-bicec-un-an-apres-le-depart-de-la-bpce\/\">Le nouveau visage de la Bicec un an apr\u00e8s le d\u00e9part de la Bpce<\/a><\/strong><\/p>\n<p>L\u2019article <a rel=\"nofollow\" href=\"https:\/\/ecomatin.net\/credits-bancaires-la-bicec-accorde-un-traitement-t-de-faveur-a-84-600-fonctionnaires\/\">Cr\u00e9dits bancaires : la Bicec accorde un traitement de faveur \u00e0 84 600 fonctionnaires<\/a> est apparu en premier sur <a rel=\"nofollow\" href=\"https:\/\/ecomatin.net\/\">EcoMatin<\/a>.<\/p>\n<\/div>\n<p>Auteur: Cedrick JIONGO<br \/>\n<a href=\"https:\/\/ecomatin.net\/credits-bancaires-la-bicec-accorde-un-traitement-t-de-faveur-a-84-600-fonctionnaires\/\">Cliquez ici pour lire l&rsquo;article depuis sa source.<\/a><\/p>\n","protected":false},"excerpt":{"rendered":"<p>Le 12 ao\u00fbt dernier \u00e0 Yaound\u00e9, la Banque internationale du Cameroun pour l\u2019\u00e9pargne et le cr\u00e9dit (Bicec), filiale locale du Marocain Banque populaire, a sign\u00e9\u00a0un protocole d\u2019accord avec le minist\u00e8re camerounais de la D\u00e9fense(Mindef). Gr\u00e2ce \u00e0 cet accord, le personnel civil et militaire du Mindef pourra b\u00e9n\u00e9ficier de cr\u00e9dits \u00e0 court, moyen, voire long terme [&hellip;]<\/p>\n","protected":false},"author":1969,"featured_media":0,"comment_status":"closed","ping_status":"closed","sticky":false,"template":"","format":"standard","meta":{"fifu_image_url":"","fifu_image_alt":"","footnotes":""},"categories":[82,78],"tags":[],"class_list":["post-124521","post","type-post","status-publish","format-standard","hentry","category-cameroun","category-economie"],"_links":{"self":[{"href":"https:\/\/linitiative.ca\/International\/wp-json\/wp\/v2\/posts\/124521","targetHints":{"allow":["GET"]}}],"collection":[{"href":"https:\/\/linitiative.ca\/International\/wp-json\/wp\/v2\/posts"}],"about":[{"href":"https:\/\/linitiative.ca\/International\/wp-json\/wp\/v2\/types\/post"}],"author":[{"embeddable":true,"href":"https:\/\/linitiative.ca\/International\/wp-json\/wp\/v2\/users\/1969"}],"replies":[{"embeddable":true,"href":"https:\/\/linitiative.ca\/International\/wp-json\/wp\/v2\/comments?post=124521"}],"version-history":[{"count":0,"href":"https:\/\/linitiative.ca\/International\/wp-json\/wp\/v2\/posts\/124521\/revisions"}],"wp:attachment":[{"href":"https:\/\/linitiative.ca\/International\/wp-json\/wp\/v2\/media?parent=124521"}],"wp:term":[{"taxonomy":"category","embeddable":true,"href":"https:\/\/linitiative.ca\/International\/wp-json\/wp\/v2\/categories?post=124521"},{"taxonomy":"post_tag","embeddable":true,"href":"https:\/\/linitiative.ca\/International\/wp-json\/wp\/v2\/tags?post=124521"}],"curies":[{"name":"wp","href":"https:\/\/api.w.org\/{rel}","templated":true}]}}