{"id":124525,"date":"2021-08-19T07:30:00","date_gmt":"2021-08-19T11:30:00","guid":{"rendered":"https:\/\/linitiative.ca\/International\/filiere-equine-la-valorisation-du-cheval-barbe-plus-que-dactualite\/"},"modified":"2021-08-19T07:30:00","modified_gmt":"2021-08-19T11:30:00","slug":"filiere-equine-la-valorisation-du-cheval-barbe-plus-que-dactualite","status":"publish","type":"post","link":"https:\/\/linitiative.ca\/International\/filiere-equine-la-valorisation-du-cheval-barbe-plus-que-dactualite\/","title":{"rendered":"Fili\u00e8re \u00e9quine : La valorisation du cheval barbe plus que d\u2019actualit\u00e9 !"},"content":{"rendered":"<div>\n<p><img decoding=\"async\" width=\"300\" height=\"153\" src=\"https:\/\/linitiative.ca\/International\/wp-content\/uploads\/sites\/23\/2021\/08\/La-valorisation-du-cheval-barbe-plus-300x153-1.jpg\" class=\"attachment-medium size-medium wp-post-image\" alt=\"\" loading=\"lazy\" srcset=\"\/\/aujourdhui.ma\/wp-content\/uploads\/2021\/08\/La-valorisation-du-cheval-barbe-plus-300x153.jpg 300w, \/\/aujourdhui.ma\/wp-content\/uploads\/2021\/08\/La-valorisation-du-cheval-barbe-plus-274x140.jpg 274w, \/\/aujourdhui.ma\/wp-content\/uploads\/2021\/08\/La-valorisation-du-cheval-barbe-plus.jpg 746w, \/\/aujourdhui.ma\/wp-content\/uploads\/2021\/08\/La-valorisation-du-cheval-barbe-plus-165x84.jpg 165w, \/\/aujourdhui.ma\/wp-content\/uploads\/2021\/08\/La-valorisation-du-cheval-barbe-plus-702x358.jpg 702w\" sizes=\"auto, (max-width: 300px) 100vw, 300px\"><\/p>\n<p><span style=\"color: #800000; font-size: 18px;\"><strong>Toujours associ\u00e9s aux moussems, le cheval barbe et l\u2019arabe barbe sont \u00e0 valoriser.<\/strong> <\/span><span id=\"more-384426\"><\/span><\/p>\n<p>Et c\u2019est le Haras des L repr\u00e9sent\u00e9 par Mohammed Amin Lyazidi qui a \u00e9t\u00e9 charg\u00e9 d\u2019\u00e9tablir un diagnostic de la situation de cette race de cheval qui fait partie des plus anciennes dans le monde. La vision de d\u00e9veloppement de cette race propos\u00e9e vise \u00e0 redonner \u00e0 ce cheval ses lettres de noblesse. Il faut dire que depuis l\u2019antiquit\u00e9, cette race a \u00e9t\u00e9 \u00e9lev\u00e9e pour la chasse, la guerre, la parade et le travail. \u00abAu Maroc, il est le compagnon incontest\u00e9 des nomades et des \u00e9leveurs des Atlas et des hauts plateaux. Lors des conqu\u00eates musulmanes, aux VII et VIII si\u00e8cles (d\u00e8s le Ier et II\u00e8me si\u00e8cle de l\u2019H\u00e9gire), de nombreux chevaux barbes arrivent en Europe et influencent de nombreuses races dans le monde telles que la pure race espagnole, lusitanienne, le mustang. Un \u00e9talon barbe serait aussi un des \u00e9talons fondateurs de la race du pur sang\u00bb, rappellera Amin Lyazidi dans sa proposition de strat\u00e9gie.<\/p>\n<p>Fid\u00e8le monture des rois, ce cheval a \u00e9t\u00e9 utilis\u00e9 dans toutes les c\u00e9r\u00e9monies et est repr\u00e9sent\u00e9 majestueusement dans les peintures de Delacroix (Sultan du Maroc Moulay Abderrahmane 1845). Au Maroc, depuis quelques ann\u00e9es, le nombre de naissances annuelles pour le barbe et arabe barbe serait compris entre trois mille et quatre mille. Le hic est que seulement 20% de ces chevaux ont une perspective de carri\u00e8re dans l\u2019art \u00e9questre de la Tbourida. La n\u00e9cessit\u00e9 de valoriser cette race et de lui trouver d\u2019autres opportunit\u00e9s de d\u00e9veloppement s\u2019impose de fait. Pour l\u2019heure, le cheval barbe et arabe barbe \u00e9voluent dans un environnement encore peu favorable. Amin Lyazidi pr\u00e9cisera dans son diagnostic \u00able manque de connaissances et des techniques par les \u00e9leveurs qui n\u2019ont pas forc\u00e9ment des perspectives de valorisation sportives du cheval barbe et arabe barbe\u00bb. Les t\u00e2ches qui lui sont assign\u00e9es \u00e9tant de faible valeur ajout\u00e9e.<\/p>\n<p>Au-del\u00e0 de leur utilisation sporadique pendant les festivit\u00e9s li\u00e9es au Moussem, ces chevaux ne sont pas valoris\u00e9s sur le plan sportif. Autre frein \u00e0 leur valorisation, leur commerce ne b\u00e9n\u00e9ficie pas d\u2019un march\u00e9 organis\u00e9 qui susciterait des investissements dans le secteur du cheval barbe et arabe barbe. Dans l\u2019\u00e9tat des lieux, le repr\u00e9sentant du Haras des L rappellera le syst\u00e8me du concours hippique inadapt\u00e9 au cheval barbe et arabe barbe. Il n\u2019existe pas de structure propre qui valorise cette race \u00e0 part enti\u00e8re. Et c\u2019est dans cette optique que le directeur du Haras des L propose d\u2019assurer, dans un premier temps, l\u2019orientation, la s\u00e9lection et l\u2019am\u00e9lioration des \u00e9quid\u00e9s de race barbe et arabe barbe. L\u2019effort et l\u2019int\u00e9r\u00eat devront se faire aupr\u00e8s des \u00e9leveurs. \u00abAujourd\u2019hui il faut que les \u00e9leveurs de ces chevaux barbe et arabe barbe acqui\u00e8rent de la technique, de l\u2019exp\u00e9rience et gagnent en perspectives sportives et commerciales. Pour cela, l\u2019apparition d\u2019un nouveau type de management de l\u2019\u00e9levage et de s\u00e9lection de chevaux aboutira \u00e0 plusieurs avantages dont les gains en titres sportifs et en valeur commerciale. L\u2019ensemble de ces avantages au niveau national am\u00e9liorera le stud-book barbe et arabe barbe\u00bb, expliquera le passionn\u00e9 du cheval. L\u2019organisation de ces concours d\u2019\u00e9levages et de saut en libert\u00e9 assurera \u00e9galement un suivi r\u00e9gulier.<\/p>\n<p>L\u2019expert propose aussi \u00abun syst\u00e8me de s\u00e9lection et de valorisation d\u00e9coulant des star-syst\u00e8mes qui seront les garants d\u2019une dynamique financi\u00e8re et un engouement pour ce cheval et pour le concours hippique\u00bb. La vision propos\u00e9e fait r\u00e9f\u00e9rence \u00e0 la mani\u00e8re dont le travail de s\u00e9lection devra \u00eatre r\u00e9alis\u00e9 en r\u00e9gions, avec les concours de pr\u00e9sentations des barbe et arabe barbe. Une telle d\u00e9marche permettant de rep\u00e9rer et qualifier les meilleurs sujets de la race pour les ventes aux ench\u00e8res. Mener cette race vers des courses hippiques supposerait des moyens et des actions sp\u00e9cifiques. La vision les d\u00e9taille en son sein. Un mod\u00e8le de d\u00e9veloppement est \u00e0 envisager. Il devra permettre la valorisation sportive du cheval. Il favorisera l\u2019\u00e9panouissement des \u00e9leveurs par l\u2019augmentation de leurs connaissances techniques et de leur niveau de vie.<\/p>\n<p>Une synergie entre les diff\u00e9rents acteurs du secteur hippique est attendue. En clair, il s\u2019agira de cr\u00e9er un \u00e9cosyst\u00e8me pour le cheval barbe. \u00abLa jonction entre tous les diff\u00e9rents acteurs du cheval barbe et arabe barbe sera la plate-forme du concours hippique\u00bb, affirme le cavalier avec son oeil d\u2019expert. Telle qu\u2019imagin\u00e9e, pour lui, elle permettra de faciliter les \u00e9changes sociaux et commerciaux. Elle sera garante du dynamisme de l\u2019ensemble de la fili\u00e8re \u00e9quine du barbe et arabe barbe. \u00abEn effet, le rapprochement des \u00e9leveurs durant les concours hippiques permettra d\u2019am\u00e9liorer leur technique pour l\u2019\u00e9levage, facilitera la communication et la commercialisation. L\u2019augmentation de la fr\u00e9quence des comp\u00e9titions pour le cheval barbe et arabe barbe cr\u00e9era une demande grandissante\u00bb, explique le passionn\u00e9 du cheval. La mise en oeuvre d\u2019une strat\u00e9gie devra s\u2019effectuer d\u2019une mani\u00e8re progressive.<\/p>\n<p>Un projet pilote sera \u00e0 envisager selon les ressources humaines disponibles et les moyens budg\u00e9taires mobilis\u00e9s pour la r\u00e9ussite d\u2019une telle strat\u00e9gie. La labellisation du cheval barbe et arabe barbe repr\u00e9sentera la concr\u00e9tisation de toutes les actions de valorisation. Cette race sera ainsi connue et reconnue \u00e0 l\u2019\u00e9chelle internationale aussi. L\u2019exercice n\u2019est pas simple mais il en vaut la chandelle.<\/p>\n<\/div>\n<p>Auteur: Dounia Essabban<br \/>\n<a href=\"https:\/\/aujourdhui.ma\/actualite\/filiere-equine-la-valorisation-du-cheval-barbe-plus-que-dactualite\">Cliquez ici pour lire l&rsquo;article depuis sa source.<\/a><\/p>\n","protected":false},"excerpt":{"rendered":"<p>Toujours associ\u00e9s aux moussems, le cheval barbe et l\u2019arabe barbe sont \u00e0 valoriser. Et c\u2019est le Haras des L repr\u00e9sent\u00e9 par Mohammed Amin Lyazidi qui a \u00e9t\u00e9 charg\u00e9 d\u2019\u00e9tablir un diagnostic de la situation de cette race de cheval qui fait partie des plus anciennes dans le monde. La vision de d\u00e9veloppement de cette race [&hellip;]<\/p>\n","protected":false},"author":1759,"featured_media":0,"comment_status":"closed","ping_status":"closed","sticky":false,"template":"","format":"standard","meta":{"fifu_image_url":"https:\/\/aujourdhui.ma\/wp-content\/uploads\/2021\/08\/La-valorisation-du-cheval-barbe-plus-300x153.jpg","fifu_image_alt":"Fili\u00e8re \u00e9quine : La valorisation du cheval barbe plus que d\u2019actualit\u00e9 !","footnotes":""},"categories":[73,54],"tags":[],"class_list":["post-124525","post","type-post","status-publish","format-standard","hentry","category-actualite","category-maroc"],"_links":{"self":[{"href":"https:\/\/linitiative.ca\/International\/wp-json\/wp\/v2\/posts\/124525","targetHints":{"allow":["GET"]}}],"collection":[{"href":"https:\/\/linitiative.ca\/International\/wp-json\/wp\/v2\/posts"}],"about":[{"href":"https:\/\/linitiative.ca\/International\/wp-json\/wp\/v2\/types\/post"}],"author":[{"embeddable":true,"href":"https:\/\/linitiative.ca\/International\/wp-json\/wp\/v2\/users\/1759"}],"replies":[{"embeddable":true,"href":"https:\/\/linitiative.ca\/International\/wp-json\/wp\/v2\/comments?post=124525"}],"version-history":[{"count":0,"href":"https:\/\/linitiative.ca\/International\/wp-json\/wp\/v2\/posts\/124525\/revisions"}],"wp:attachment":[{"href":"https:\/\/linitiative.ca\/International\/wp-json\/wp\/v2\/media?parent=124525"}],"wp:term":[{"taxonomy":"category","embeddable":true,"href":"https:\/\/linitiative.ca\/International\/wp-json\/wp\/v2\/categories?post=124525"},{"taxonomy":"post_tag","embeddable":true,"href":"https:\/\/linitiative.ca\/International\/wp-json\/wp\/v2\/tags?post=124525"}],"curies":[{"name":"wp","href":"https:\/\/api.w.org\/{rel}","templated":true}]}}