{"id":124529,"date":"2021-08-19T08:30:12","date_gmt":"2021-08-19T12:30:12","guid":{"rendered":"https:\/\/linitiative.ca\/International\/mohammed-amin-lyazidi-la-labellisation-de-cette-race-la-propulsera-sur-les-marches-internationaux\/"},"modified":"2021-08-19T08:30:12","modified_gmt":"2021-08-19T12:30:12","slug":"mohammed-amin-lyazidi-la-labellisation-de-cette-race-la-propulsera-sur-les-marches-internationaux","status":"publish","type":"post","link":"https:\/\/linitiative.ca\/International\/mohammed-amin-lyazidi-la-labellisation-de-cette-race-la-propulsera-sur-les-marches-internationaux\/","title":{"rendered":"Mohammed Amin Lyazidi : La labellisation de cette race la propulsera  sur les march\u00e9s internationaux"},"content":{"rendered":"<div>\n<p><img decoding=\"async\" width=\"300\" height=\"153\" src=\"https:\/\/linitiative.ca\/International\/wp-content\/uploads\/sites\/23\/2021\/08\/Mohammed-Lyazidi-300x153-1.jpg\" class=\"attachment-medium size-medium wp-post-image\" alt=\"\" loading=\"lazy\" srcset=\"\/\/aujourdhui.ma\/wp-content\/uploads\/2021\/08\/Mohammed-Lyazidi-300x153.jpg 300w, \/\/aujourdhui.ma\/wp-content\/uploads\/2021\/08\/Mohammed-Lyazidi-274x140.jpg 274w, \/\/aujourdhui.ma\/wp-content\/uploads\/2021\/08\/Mohammed-Lyazidi.jpg 746w, \/\/aujourdhui.ma\/wp-content\/uploads\/2021\/08\/Mohammed-Lyazidi-165x84.jpg 165w, \/\/aujourdhui.ma\/wp-content\/uploads\/2021\/08\/Mohammed-Lyazidi-702x358.jpg 702w\" sizes=\"auto, (max-width: 300px) 100vw, 300px\"><\/p>\n<p><span style=\"color: #800000;\"><strong>Entretien avec Mohammed Amin Lyazidi, directeur du Haras des L<\/strong><\/span><span id=\"more-384454\"><\/span><\/p>\n<p><strong><span style=\"color: #ff0000;\">ALM<\/span> : A quel titre et dans quel contexte intervenez-vous dans ce programme de valorisation du cheval barbe et arabe barbe ? <\/strong><\/p>\n<p><span style=\"color: #ff0000;\"><strong>Mohammed Amin Lyazidi<\/strong> <\/span>: Je suis tout d\u2019abord cavalier, c\u2019est donc, dans un premier temps, par le biais d\u2019un rapport direct avec le cheval que j\u2019interviens. L\u2019id\u00e9e d\u2019effectuer un travail sur le cheval barbe et arabe barbe a d\u00e9but\u00e9 il y a 4 ou 5 ans. Ce cheval fait partie de l\u2019identit\u00e9 nationale marocaine et de la volont\u00e9 de Sa Majest\u00e9 le Roi Mohammed VI de le d\u00e9velopper et de le valoriser. C\u2019\u00e9tait aussi le bon moment puisque le travail de la Sorec pour augmenter le cheptel des chevaux barbe et arabe barbe avait \u00e9t\u00e9 fait. J\u2019agis \u00e9galement en tant qu\u2019initiateur de la premi\u00e8re unit\u00e9 de valorisation du cheval barbe et arabe barbe en collaboration avec la Sorec qui a vu le jour en 2020. Depuis un an, concr\u00e8tement, on proc\u00e8de \u00e0 la valorisation de ces chevaux pour les diff\u00e9rentes utilisations dans le sport. L\u2019unit\u00e9 de valorisation rev\u00eat, aussi, un volet humain puisqu\u2019on forme aussi les grooms et palefreniers lors de leur passage dans l\u2019unit\u00e9.<\/p>\n<p><strong>Comment imaginez-vous le projet pilote relatif \u00e0 la mise en \u0153uvre de cette strat\u00e9gie? <\/strong><br \/>\nCe projet pilote servira dans un premier temps de test. J\u2019esp\u00e8re qu\u2019il servira, \u00e0 terme, d\u2019exemple pour les diff\u00e9rentes unit\u00e9s de valorisation au Maroc. L\u2019unit\u00e9 a pour objectif de d\u00e9velopper le volet humain plus que le cheval. Elle permet de valoriser le travail long et fastidieux des \u00e9leveurs, d\u2019offrir de nouvelles opportunit\u00e9s sportives et d\u2019utilisations directes du cheval barbe et arabe barbe (concours hippique, dressage, cross, endurance, randonn\u00e9es) et enfin, de f\u00e9d\u00e9rer les bonnes volont\u00e9s. L\u2019ensemble de ces mesures vise \u00e0 la valorisation technique des \u00e9quid\u00e9s et \u00e9leveurs et contribuera \u00e0 une utilisation du cheval national et \u00e0 sa commercialisation. Un programme culturel permettrait de consolider l\u2019identit\u00e9 du cheval end\u00e9mique du Maroc en l\u2019int\u00e9grant dans l\u2019\u00e9ducation nationale. L\u2019objectif de cette vision devrait aboutir \u00e0 la valorisation sportive du cheval. Cette nouvelle strat\u00e9gie devrait contribuer \u00e0 l\u2019\u00e9panouissement des \u00e9leveurs par l\u2019augmentation de leurs connaissances techniques et de leur niveau de vie. Il s\u2019agira aussi de f\u00e9d\u00e9rer les efforts des diff\u00e9rents acteurs du secteur hippique. La cr\u00e9ation d\u2019un \u00e9cosyst\u00e8me pour le cheval barbe int\u00e9grant \u00e0 la fois les aspects<br \/>\ntechniques, commerciaux, culturels et sociaux est aussi attendue, suite \u00e0 la mise en \u0153uvre de cette strat\u00e9gie.<\/p>\n<p><strong>Comment la Sorec compte-t-elle soutenir le programme de d\u00e9veloppement du cheval arabe barbe et arabe ? <\/strong><br \/>\nLa direction g\u00e9n\u00e9rale de la Sorec travaille sur le terrain depuis plusieurs ann\u00e9es pour faciliter la t\u00e2che aux \u00e9leveurs par le biais de subventions et de concours pour encourager le nombre de chevaux barbe et arabe barbe. D\u2019autre part, plusieurs ateliers de la Sorec auxquels j\u2019ai assist\u00e9 leur ont permis de f\u00e9d\u00e9rer les bonnes id\u00e9es et de soutenir cette cause nationale.<\/p>\n<p><strong>Quels sont les moyens allou\u00e9s pour d\u00e9ployer cette strat\u00e9gie de d\u00e9veloppement? <\/strong><br \/>\nActuellement la valorisation se fait sur des chevaux des haras nationaux.<\/p>\n<p><strong>Le mot de la fin peut-\u00eatre\u2026 <\/strong><br \/>\nLe succ\u00e8s de ce projet pilote permettra d\u2019\u00e9tendre l\u2019exp\u00e9rience \u00e0 d\u2019autres projets r\u00e9gionaux et \u00e0 terme \u00e0 l\u2019ensemble du territoire national. La labellisation du cheval barbe et arabe barbe au terme du processus propos\u00e9 permettra de faire conna\u00eetre cette race aux niveaux national et international et contribuera ainsi \u00e0 la poursuite de la valorisation de ce cheval marocain.<\/p>\n<\/div>\n<p>Auteur: Dounia Essabban<br \/>\n<a href=\"https:\/\/aujourdhui.ma\/actualite\/mohammed-amin-lyazidi-la-labellisation-de-cette-race-la-propulsera-sur-les-marches-internationaux\">Cliquez ici pour lire l&rsquo;article depuis sa source.<\/a><\/p>\n","protected":false},"excerpt":{"rendered":"<p>Entretien avec Mohammed Amin Lyazidi, directeur du Haras des L ALM : A quel titre et dans quel contexte intervenez-vous dans ce programme de valorisation du cheval barbe et arabe barbe ? Mohammed Amin Lyazidi : Je suis tout d\u2019abord cavalier, c\u2019est donc, dans un premier temps, par le biais d\u2019un rapport direct avec le [&hellip;]<\/p>\n","protected":false},"author":1759,"featured_media":0,"comment_status":"closed","ping_status":"closed","sticky":false,"template":"","format":"standard","meta":{"fifu_image_url":"https:\/\/aujourdhui.ma\/wp-content\/uploads\/2021\/08\/Mohammed-Lyazidi-300x153.jpg","fifu_image_alt":"Mohammed Amin Lyazidi : La labellisation de cette race la propulsera  sur les march\u00e9s internationaux","footnotes":""},"categories":[73,54],"tags":[],"class_list":["post-124529","post","type-post","status-publish","format-standard","hentry","category-actualite","category-maroc"],"_links":{"self":[{"href":"https:\/\/linitiative.ca\/International\/wp-json\/wp\/v2\/posts\/124529","targetHints":{"allow":["GET"]}}],"collection":[{"href":"https:\/\/linitiative.ca\/International\/wp-json\/wp\/v2\/posts"}],"about":[{"href":"https:\/\/linitiative.ca\/International\/wp-json\/wp\/v2\/types\/post"}],"author":[{"embeddable":true,"href":"https:\/\/linitiative.ca\/International\/wp-json\/wp\/v2\/users\/1759"}],"replies":[{"embeddable":true,"href":"https:\/\/linitiative.ca\/International\/wp-json\/wp\/v2\/comments?post=124529"}],"version-history":[{"count":0,"href":"https:\/\/linitiative.ca\/International\/wp-json\/wp\/v2\/posts\/124529\/revisions"}],"wp:attachment":[{"href":"https:\/\/linitiative.ca\/International\/wp-json\/wp\/v2\/media?parent=124529"}],"wp:term":[{"taxonomy":"category","embeddable":true,"href":"https:\/\/linitiative.ca\/International\/wp-json\/wp\/v2\/categories?post=124529"},{"taxonomy":"post_tag","embeddable":true,"href":"https:\/\/linitiative.ca\/International\/wp-json\/wp\/v2\/tags?post=124529"}],"curies":[{"name":"wp","href":"https:\/\/api.w.org\/{rel}","templated":true}]}}