{"id":124531,"date":"2021-08-19T09:55:20","date_gmt":"2021-08-19T13:55:20","guid":{"rendered":"https:\/\/linitiative.ca\/International\/asilah-la-mobilisation-se-poursuit-pour-nettoyer-les-plages\/"},"modified":"2021-08-19T09:55:20","modified_gmt":"2021-08-19T13:55:20","slug":"asilah-la-mobilisation-se-poursuit-pour-nettoyer-les-plages","status":"publish","type":"post","link":"https:\/\/linitiative.ca\/International\/asilah-la-mobilisation-se-poursuit-pour-nettoyer-les-plages\/","title":{"rendered":"Asilah : La mobilisation se poursuit pour nettoyer les plages"},"content":{"rendered":"<div>\n<p><img decoding=\"async\" width=\"300\" height=\"153\" src=\"https:\/\/linitiative.ca\/International\/wp-content\/uploads\/sites\/23\/2021\/08\/Asilah-La-mobilisation-se-poursuit-pour-nettoyer-les-plages-300x153-1.jpg\" class=\"attachment-medium size-medium wp-post-image\" alt=\"\" loading=\"lazy\" srcset=\"\/\/aujourdhui.ma\/wp-content\/uploads\/2021\/08\/Asilah-La-mobilisation-se-poursuit-pour-nettoyer-les-plages-300x153.jpg 300w, \/\/aujourdhui.ma\/wp-content\/uploads\/2021\/08\/Asilah-La-mobilisation-se-poursuit-pour-nettoyer-les-plages-274x140.jpg 274w, \/\/aujourdhui.ma\/wp-content\/uploads\/2021\/08\/Asilah-La-mobilisation-se-poursuit-pour-nettoyer-les-plages.jpg 746w, \/\/aujourdhui.ma\/wp-content\/uploads\/2021\/08\/Asilah-La-mobilisation-se-poursuit-pour-nettoyer-les-plages-165x84.jpg 165w, \/\/aujourdhui.ma\/wp-content\/uploads\/2021\/08\/Asilah-La-mobilisation-se-poursuit-pour-nettoyer-les-plages-702x358.jpg 702w\" sizes=\"auto, (max-width: 300px) 100vw, 300px\"><\/p>\n<p><span style=\"font-size: 20px; color: #800000;\"><strong>Une deuxi\u00e8me op\u00e9ration de ramassage des d\u00e9chets vient d\u2019\u00eatre lanc\u00e9e<\/strong><\/span><span id=\"more-384488\"><\/span><\/p>\n<p><span style=\"color: #ff0000;\"> Cette op\u00e9ration de nettoyage, qui est tr\u00e8s salu\u00e9e et encourag\u00e9e sur les r\u00e9seaux sociaux, conna\u00eet une grande implication de jeunes za\u00eflachis. C\u2019est le cas d\u2019Ilham Salama, une MRE vivant en Angleterre et qui est \u00e0 l\u2019initiative de cette action citoyenne.<\/span><\/p>\n<p>Des b\u00e9n\u00e9voles \u00e0 Asilah m\u00e8nent depuis plus d\u2019une semaine un combat contre la pollution du littoral. Ainsi et apr\u00e8s la plage de Tikan, ils viennent de lancer, mardi 17 ao\u00fbt, une deuxi\u00e8me op\u00e9ration de ramassage des d\u00e9chets sur la plage municipale, qui conna\u00eet g\u00e9n\u00e9ralement une forte affluence des estivants en \u00e9t\u00e9. Cette op\u00e9ration de nettoyage, qui est tr\u00e8s salu\u00e9e et encourag\u00e9e sur les r\u00e9seaux sociaux, conna\u00eet une grande implication de jeunes za\u00eflachis. C\u2019est le cas d\u2019Ilham Salama, une MRE vivant en Angleterre et qui est \u00e0 l\u2019initiative de cette action citoyenne. \u00abL\u2019id\u00e9e m\u2019est venue il y a plus d\u2019un an, lorsque je passais mes vacances d\u2019\u00e9t\u00e9 en Espagne. J\u2019\u00e9tais tr\u00e8s impressionn\u00e9e par la beaut\u00e9 et la propret\u00e9 de leurs plages. J\u2019ai pu en faire des vid\u00e9os et de les partager en direct avec des amis za\u00eflachis sur Facebook. Je leur ai parl\u00e9 des grands efforts d\u00e9ploy\u00e9s pour la propret\u00e9 de ces plages et leur ai exprim\u00e9 mon souhait d\u2019en prendre en exemple pour celles d\u2019Asilah\u00bb, dit-elle.<\/p>\n<p><span style=\"color: #ff0000;\"><strong>Nettoyage des algues et des d\u00e9chets<\/strong><\/span><\/p>\n<p>Cette campagne a \u00e9t\u00e9 lanc\u00e9e pour la premi\u00e8re fois, mercredi 11 ao\u00fbt, sur la c\u00e9l\u00e8bre plage Tikan, dont les Za\u00eflachis et les visiteurs de la ville ont l\u2019habitude de voir d\u2019en haut des anciennes murailles de la m\u00e9dina les vagues se briser sur les rochers au pied de ces majestueux sites historiques. Elle a connu pendant quatre jours la mobilisation des jeunes b\u00e9n\u00e9voles za\u00eflachis connus pour l\u2019amour de la mer et la lutte pour la pr\u00e9servation de l\u2019environnement. Ils ont travaill\u00e9 ensemble pendant quatre jours pour nettoyer cette plage, qui est consid\u00e9r\u00e9e parmi les plus pollu\u00e9es par les algues et des d\u00e9chets, dont la grande partie est jet\u00e9e par les habitants ou ramen\u00e9s par la mer. \u00abCette initiative est une r\u00e9ussite, de l\u2019avis des participants et des habitants de la ville. Nous \u00e9tions seulement deux lors de la premi\u00e8re journ\u00e9e de son lancement : un jeune b\u00e9n\u00e9vole et moi avec sept ouvriers que nous avons recrut\u00e9s du Mokef de Bab Al Homer. Nous avons connu au d\u00e9but de cette journ\u00e9e l\u2019appui d\u2019un jeune couple za\u00eflachi, qui s\u2019est joint \u00e0 nous gr\u00e2ce \u00e0 mes premi\u00e8res vid\u00e9os de la campagne que j\u2019ai post\u00e9es sur Facebook. Nous avons vu le nombre de b\u00e9n\u00e9voles vite s\u2019accro\u00eetre pour atteindre plus d\u2019une trentaine pour cette premi\u00e8re op\u00e9ration de nettoyage de la plage Krikia. Nous avons pu la d\u00e9barrasser de toute sorte d\u2019objets jonchant le bord de mer : des bouteilles en verre ou en plastique, des bo\u00eetes de conserve, et d\u2019autres d\u00e9chets emm\u00eal\u00e9s dans les algues. Cette pollution est caus\u00e9e par des gestes inciviques tr\u00e8s r\u00e9pandus auxquels nous essayons de lutter \u00e0 travers cette campagne\u00bb, fait part Mme Salama.<\/p>\n<p><span style=\"color: #ff0000;\"><strong>Appel \u00e0 l\u2019\u00e9largissement de la campagne<\/strong><\/span><\/p>\n<p>L\u2019op\u00e9ration de nettoyage de la plage d\u2019Asilah conna\u00eet une implication parmi les internautes za\u00eflachis et les amoureux d\u2019Asilah, qui appellent \u00e0 l\u2019\u00e9largissement sur son littoral. Surtout que la ville blanche et son arri\u00e8re-pays disposent des plus belles plages sauvages qui ont \u00e9norm\u00e9ment besoin de ce genre d\u2019initiative citoyenne. Comme tous les Za\u00eflachis, \u00abje suis tr\u00e8s amoureuse de la mer et de ma ville natale. Je continue de militer pour le nettoyage de ses plages, m\u00eame si je pars dans peu de temps en Angleterre. Je travaillerai avec d\u2019autres b\u00e9n\u00e9voles pour l\u2019\u00e9largissement de cette campagne au niveau national et local. Nous faisons tous en sorte que cette belle initiative s\u2019ouvre \u00e0 d\u2019autres b\u00e9n\u00e9voles pour pouvoir garder nos plages propres\u00bb, dit Mme Salama.<\/p>\n<\/div>\n<p>Auteur: Najat Fa\u00efssal<br \/>\n<a href=\"https:\/\/aujourdhui.ma\/societe\/asilah-la-mobilisation-se-poursuit-pour-nettoyer-les-plages\">Cliquez ici pour lire l&rsquo;article depuis sa source.<\/a><\/p>\n","protected":false},"excerpt":{"rendered":"<p>Une deuxi\u00e8me op\u00e9ration de ramassage des d\u00e9chets vient d\u2019\u00eatre lanc\u00e9e Cette op\u00e9ration de nettoyage, qui est tr\u00e8s salu\u00e9e et encourag\u00e9e sur les r\u00e9seaux sociaux, conna\u00eet une grande implication de jeunes za\u00eflachis. C\u2019est le cas d\u2019Ilham Salama, une MRE vivant en Angleterre et qui est \u00e0 l\u2019initiative de cette action citoyenne. Des b\u00e9n\u00e9voles \u00e0 Asilah m\u00e8nent [&hellip;]<\/p>\n","protected":false},"author":1759,"featured_media":0,"comment_status":"closed","ping_status":"closed","sticky":false,"template":"","format":"standard","meta":{"fifu_image_url":"https:\/\/aujourdhui.ma\/wp-content\/uploads\/2021\/08\/Asilah-La-mobilisation-se-poursuit-pour-nettoyer-les-plages-300x153.jpg","fifu_image_alt":"Asilah : La mobilisation se poursuit pour nettoyer les plages","footnotes":""},"categories":[73,54],"tags":[],"class_list":["post-124531","post","type-post","status-publish","format-standard","hentry","category-actualite","category-maroc"],"_links":{"self":[{"href":"https:\/\/linitiative.ca\/International\/wp-json\/wp\/v2\/posts\/124531","targetHints":{"allow":["GET"]}}],"collection":[{"href":"https:\/\/linitiative.ca\/International\/wp-json\/wp\/v2\/posts"}],"about":[{"href":"https:\/\/linitiative.ca\/International\/wp-json\/wp\/v2\/types\/post"}],"author":[{"embeddable":true,"href":"https:\/\/linitiative.ca\/International\/wp-json\/wp\/v2\/users\/1759"}],"replies":[{"embeddable":true,"href":"https:\/\/linitiative.ca\/International\/wp-json\/wp\/v2\/comments?post=124531"}],"version-history":[{"count":0,"href":"https:\/\/linitiative.ca\/International\/wp-json\/wp\/v2\/posts\/124531\/revisions"}],"wp:attachment":[{"href":"https:\/\/linitiative.ca\/International\/wp-json\/wp\/v2\/media?parent=124531"}],"wp:term":[{"taxonomy":"category","embeddable":true,"href":"https:\/\/linitiative.ca\/International\/wp-json\/wp\/v2\/categories?post=124531"},{"taxonomy":"post_tag","embeddable":true,"href":"https:\/\/linitiative.ca\/International\/wp-json\/wp\/v2\/tags?post=124531"}],"curies":[{"name":"wp","href":"https:\/\/api.w.org\/{rel}","templated":true}]}}