{"id":124540,"date":"2021-08-18T14:00:00","date_gmt":"2021-08-18T18:00:00","guid":{"rendered":"https:\/\/linitiative.ca\/International\/il-reste-un-long-chemin-a-faire\/"},"modified":"2021-08-18T14:00:00","modified_gmt":"2021-08-18T18:00:00","slug":"il-reste-un-long-chemin-a-faire","status":"publish","type":"post","link":"https:\/\/linitiative.ca\/International\/il-reste-un-long-chemin-a-faire\/","title":{"rendered":"\u2026 il reste un long chemin \u00e0 faire."},"content":{"rendered":"<div>\n<p class=\"has-black-color has-text-color\"><strong>Le processus \u00e9lectoral est bien engag\u00e9. Comme cela a \u00e9t\u00e9 affirm\u00e9 en son temps, les \u00e9ch\u00e9ances \u00e9lectorales se tiendront \u00e0 la date pr\u00e9vue. L\u2019attente d\u2019un changement au niveau du gouvernement, au niveau des communes et des r\u00e9gions, est grande autant que l\u2019ambition du peuple marocain de vivre dans la paix, la concorde, la coh\u00e9sion sociale, l\u2019essor \u00e9conomique, la justice sociale et le d\u00e9veloppement durable de l\u2019ensemble de son territoire. Dans le strict respect de la constitution, le processus d\u00e9mocratique ne peut que se consolider dans son ensemble, malgr\u00e9 les m\u00e9andres que lui imposent le jeu des acteurs du champ politique national.<\/strong><\/p>\n<p class=\"has-black-color has-text-color\">Le d\u00e9p\u00f4t des candidatures pour les scrutins du 8 septembre prochain r\u00e9v\u00e8lera sans doute ce \u00ab\u00a0seuil\u00a0\u00bb du processus d\u00e9mocratique qui constitue en soi un obstacle \u00e0 sa redynamisation. Dans quelle mesure notre \u00ab\u00a0\u00e9l\u00e9gerocratie\u00a0\u00bb, us\u00e9e, renti\u00e8re et ringarde, reste ma\u00eetresse du jeu \u00e9lectoral et reste pr\u00e9sente, beaucoup plus par sa notabilit\u00e9, h\u00e9rit\u00e9e ou acquise, que par une v\u00e9ritable consid\u00e9ration populaire\u00a0? Sans vergogne, sa \u00ab\u00a0mobilit\u00e9\u00a0\u00bb a int\u00e9ress\u00e9e l\u2019ensemble du spectre politique national. Cela pose probl\u00e8me(s) aux partis politiques, non pour assurer un nombre suffisant de candidats \u00e0 m\u00eame de r\u00e9ussir leur challenge, mais dans leur capacit\u00e9 \u00e0 promouvoir la formation d\u2019une rel\u00e8ve apte \u00e0 prendre le leadership au sein d\u2019une assise populaire qui aspire \u00e0 un lendemain meilleur. Cela affaiblit aussi la repr\u00e9sentation nationale qui devient de plus en plus \u00ab\u00a0chambr\u00e9e\u00a0\u00bb.<\/p>\n<p class=\"has-black-color has-text-color\">Les femmes pourvoiront 90 si\u00e8ges dans la nouvelle Chambre des Repr\u00e9sentants. Cela reste peu, eu \u00e9gard aux nombreuses potentialit\u00e9s que pr\u00e9sente cette partie majoritaire de la population. Les entretiens commis, pour le PPS, avec les candidates \u00e0 la candidature ont montr\u00e9 la grande motivation qui les anime, la fougue qui les inspire et la d\u00e9termination qui est la leur pour transformer notre soci\u00e9t\u00e9 dans le respect de ses fondamentaux, vers la modernit\u00e9, le progr\u00e8s et la justice sociale. Des cr\u00eates de nos montagnes au plat de nos plaines,leurs plaidoyers pour les droits de la personne humaine, le savoir et la dignit\u00e9 ne resteront pas sans \u00e9chos au sein du parlement. Cela f\u00fbt, cela est et cela se fera\u00a0; car elles sont notre avenir.<\/p>\n<p class=\"has-black-color has-text-color\">A ce sujet, une publicit\u00e9 passe encore sur les \u00e9crans t\u00e9l\u00e9visuels et r\u00e9clame \u00ab\u00a0la parit\u00e9 maintenant\u00a0\u00bb.Sauf que, dans sa p\u00e9dagogie, Farid explique \u00e0 Wassila que c\u2019est l\u2019Etat qui a impos\u00e9 aux partis politiques le quota de repr\u00e9sentation f\u00e9minine actuel. Faut-il en d\u00e9duire que l\u2019Etat aurait pu faire mieux en imposant la parit\u00e9 maintenant au lieu de la sous-repr\u00e9sentation actuelle\u00a0?Ou, plus sournois encore, le passage incrimin\u00e9 n\u2019est qu\u2019une relique d\u2019une volont\u00e9 de mettre tout ce qui est n\u00e9gatif sur le dos des partis politiques\u00a0? Quoiqu\u2019il en soit, si l\u2019encart publicitaire n\u2019est pas mensonger, imposons \u00ab\u00a0la parit\u00e9 maintenant\u00a0\u00bb\u00a0!<\/p>\n<p class=\"has-black-color has-text-color\">La discrimination positive envers les jeunes pour acc\u00e9der \u00e0 la Chambre des Repr\u00e9sentants a fait son temps. Elle a permis une avanc\u00e9e sans pour autant convaincre, car la question de la participation, notamment des jeunes, reste enti\u00e8re. Sur les 18 millions d\u2019inscrits aux listes \u00e9lectorales\u00a0; les deux tiers environ ont d\u00e9pass\u00e9 les 35 ans. Les jeunes semblent encore \u00ab\u00a0confin\u00e9s\u00a0\u00bb dans les r\u00e9seaux sociaux.\u00a0 A croire que l\u2019action revendicative et tribunitienne ainsi relay\u00e9e pourrait induire une politique alternative\u00a0! Tout l\u2019enjeu, pendant les jours qui viennent, est de les amener \u00e0 voter afin de barrer la route \u00e0 l\u2019obscurantisme, \u00e0 l\u2019achat des voix par les mercantilistes des \u00e9lections et \u00e0 s\u2019engager pour le triomphe des forces de progr\u00e8s pr\u00f4nant la justice sociale.<\/p>\n<p class=\"has-black-color has-text-color\">Dans notre beau pays, le consensus est recherch\u00e9 et se trouve chaque fois que des d\u00e9fis majeurs sont \u00e0 relever. Celles et ceux qui ne sont pas encore matures pour le comprendre se d\u00e9chirent par \u00ab\u00a0scissiparit\u00e9\u00a0\u00bb et se d\u00e9sagr\u00e8gent dans des joutes inopportunes et d\u00e9plac\u00e9es. A se demander si cette configuration ne leur serait pas consubstantielle\u00a0? Cette situation est pr\u00e9judiciable au processus d\u00e9mocratique, elle le prive de son levain et des leviers qui lui sont n\u00e9cessaires.<\/p>\n<p class=\"has-black-color has-text-color\">Si les r\u00e9sultats des \u00ab\u00a0lampistes\u00a0\u00bbaux \u00e9lections professionnel les refl\u00e8tent la r\u00e9pulsion du corps \u00e9lectoral \u00e0 l\u2019\u00e9gard de celles et de ceux qui n\u2019ont pas \u0153uvr\u00e9 ni pour la justice ni pour le d\u00e9veloppement, les \u00e9lections g\u00e9n\u00e9rales du 8 septembre sont attendues pour confirmation. Pour le reste, les sp\u00e9culations vont bon train. On attendra \u00ab\u00a0pour vendre la peau de l\u2019ours\u00a0\u00bb.<\/p>\n<p class=\"has-black-color has-text-color\">En ces jours o\u00f9 la comm\u00e9moration et la c\u00e9l\u00e9bration s\u2019imposent, tout en maintenant la grande vigilance aux d\u00e9veloppements de la pand\u00e9mie, on ne peut que formuler l\u2019espoir de voir les dol\u00e9ances, des intervenants dans les d\u00e9bats t\u00e9l\u00e9vis\u00e9s concernant les \u00e9ch\u00e9ances \u00e9lectorales, prises en compte pour que notre beau pays puisse vivre dans \u00ab\u00a0une nouvelle approche, centr\u00e9e sur la satisfaction des besoins des citoyens, apte \u00e0 r\u00e9duire les disparit\u00e9s et les in\u00e9galit\u00e9s existantes, \u00e0 instaurer la justice sociale et territoriale, \u00e0 suivre, en les int\u00e9grant, les \u00e9volutions de l\u2019environnement national et international\u00a0\u00bb, m\u00eame s\u2019il reste un long chemin \u00e0 faire.<\/p>\n<p>L\u2019article <a rel=\"nofollow\" href=\"http:\/\/albayane.press.ma\/il-reste-un-long-chemin-a-faire.html\">\u2026 il reste un long chemin \u00e0 faire.<\/a> est apparu en premier sur <a rel=\"nofollow\" href=\"http:\/\/albayane.press.ma\/\">ALBAYANE<\/a>.<\/p>\n<\/div>\n<p>Auteur: M&rsquo;hammed rahal<br \/>\n<a href=\"http:\/\/albayane.press.ma\/il-reste-un-long-chemin-a-faire.html\">Cliquez ici pour lire l&rsquo;article depuis sa source.<\/a><\/p>\n","protected":false},"excerpt":{"rendered":"<p>Le processus \u00e9lectoral est bien engag\u00e9. Comme cela a \u00e9t\u00e9 affirm\u00e9 en son temps, les \u00e9ch\u00e9ances \u00e9lectorales se tiendront \u00e0 la date pr\u00e9vue. L\u2019attente d\u2019un changement au niveau du gouvernement, au niveau des communes et des r\u00e9gions, est grande autant que l\u2019ambition du peuple marocain de vivre dans la paix, la concorde, la coh\u00e9sion sociale, [&hellip;]<\/p>\n","protected":false},"author":1760,"featured_media":0,"comment_status":"closed","ping_status":"closed","sticky":false,"template":"","format":"standard","meta":{"fifu_image_url":"","fifu_image_alt":"","footnotes":""},"categories":[73,54],"tags":[],"class_list":["post-124540","post","type-post","status-publish","format-standard","hentry","category-actualite","category-maroc"],"_links":{"self":[{"href":"https:\/\/linitiative.ca\/International\/wp-json\/wp\/v2\/posts\/124540","targetHints":{"allow":["GET"]}}],"collection":[{"href":"https:\/\/linitiative.ca\/International\/wp-json\/wp\/v2\/posts"}],"about":[{"href":"https:\/\/linitiative.ca\/International\/wp-json\/wp\/v2\/types\/post"}],"author":[{"embeddable":true,"href":"https:\/\/linitiative.ca\/International\/wp-json\/wp\/v2\/users\/1760"}],"replies":[{"embeddable":true,"href":"https:\/\/linitiative.ca\/International\/wp-json\/wp\/v2\/comments?post=124540"}],"version-history":[{"count":0,"href":"https:\/\/linitiative.ca\/International\/wp-json\/wp\/v2\/posts\/124540\/revisions"}],"wp:attachment":[{"href":"https:\/\/linitiative.ca\/International\/wp-json\/wp\/v2\/media?parent=124540"}],"wp:term":[{"taxonomy":"category","embeddable":true,"href":"https:\/\/linitiative.ca\/International\/wp-json\/wp\/v2\/categories?post=124540"},{"taxonomy":"post_tag","embeddable":true,"href":"https:\/\/linitiative.ca\/International\/wp-json\/wp\/v2\/tags?post=124540"}],"curies":[{"name":"wp","href":"https:\/\/api.w.org\/{rel}","templated":true}]}}