{"id":124542,"date":"2021-08-18T14:39:00","date_gmt":"2021-08-18T18:39:00","guid":{"rendered":"https:\/\/linitiative.ca\/International\/violent-incendie-sur-la-cote-dazur-evacuations-et-scenes-de-desolation\/"},"modified":"2021-08-18T14:39:00","modified_gmt":"2021-08-18T18:39:00","slug":"violent-incendie-sur-la-cote-dazur-evacuations-et-scenes-de-desolation","status":"publish","type":"post","link":"https:\/\/linitiative.ca\/International\/violent-incendie-sur-la-cote-dazur-evacuations-et-scenes-de-desolation\/","title":{"rendered":"Violent incendie sur la C\u00f4te d\u2019Azur, \u00e9vacuations et sc\u00e8nes de d\u00e9solation"},"content":{"rendered":"<div>\n<p class=\"has-text-align-center has-vivid-red-color has-text-color\"><strong>France<\/strong><\/p>\n<p class=\"has-black-color has-text-color\"><strong>Des milliers de touristes \u00e9vacu\u00e9s, des pans de for\u00eats m\u00e9diterran\u00e9ennes calcin\u00e9s : un important incendie fait rage depuis lundi dans l\u2019arri\u00e8re-pays du port renomm\u00e9 de Saint-Tropez, sur la C\u00f4te d\u2019Azur, donnant lieu \u00e0 des sc\u00e8nes de d\u00e9solation.<\/strong><\/p>\n<p class=\"has-black-color has-text-color\">Sur la route qui traverse le massif des Maures, une zone de for\u00eat et de garrigue pris\u00e9e des touristes, des lignes \u00e9lectriques gisent au sol, des poteaux sont calcin\u00e9s, comme des vignes par endroit, a constat\u00e9 une \u00e9quipe de l\u2019AFP.<br \/>\u00ab\u00a0Le feu n\u2019est toujours pas ma\u00eetris\u00e9 \u00e0 l\u2019heure actuelle\u00a0\u00bb, reconna\u00eet un responsable local des pompiers.<br \/>Le pr\u00e9sident fran\u00e7ais Emmanuel Macron devait se rendre dans l\u2019apr\u00e8s-midi dans la r\u00e9gion, au Luc, pour notamment y rencontrer des \u00e9quipes de secours, a annonc\u00e9 l\u2019\u00c9lys\u00e9e.<\/p>\n<p class=\"has-black-color has-text-color\">\u00ab\u00a0Des milliers de personnes ont \u00e9t\u00e9 \u00e9vacu\u00e9es \u00e0 titre pr\u00e9ventif, mais il n\u2019y a aucune victime. Quelque 750 pompiers luttent contre ce feu qui est toujours tr\u00e8s virulent\u00a0\u00bb, a racont\u00e9 une porte-parole des pompiers du d\u00e9partement du Var, un des lieux les plus touristiques de France au mois d\u2019ao\u00fbt.<\/p>\n<p class=\"has-black-color has-text-color\">Pr\u00e8s de 1.300 personnes, en majorit\u00e9 des vacanciers d\u2019un camping voisin, ont \u00e9t\u00e9 accueillies dans un gymnase de Bormes-les-Mimosas, un village proche du fort de Br\u00e9gan\u00e7on, la r\u00e9sidence d\u2019\u00e9t\u00e9 du chef de l\u2019Etat.<br \/>Leur \u00e9vacuation pr\u00e9ventive, dans la nuit, s\u2019est d\u00e9roul\u00e9e dans le calme, ont-ils t\u00e9moign\u00e9 aupr\u00e8s de l\u2019AFP.<br \/>Relativement \u00e9pargn\u00e9e par les feux qui ont r\u00e9cemment fait rage dans plusieurs pays m\u00e9diterran\u00e9ens, de la Turquie au Maroc en passant par la Gr\u00e8ce et l\u2019Alg\u00e9rie, la France conna\u00eet l\u2019un de ses plus importants incendies de l\u2019\u00e9t\u00e9.<br \/>Le Portugal \u00e9tait aussi touch\u00e9 mardi par un important feu de for\u00eat qui s\u2019est d\u00e9clar\u00e9 la veille dans la r\u00e9gion touristique de l\u2019Algarve (sud), faisant un bless\u00e9 l\u00e9ger parmi les pompiers et entra\u00eenant l\u2019\u00e9vacuation d\u2019une douzaine de hameaux, ont dit les autorit\u00e9s locales.<\/p>\n<p class=\"has-black-color has-text-color\">Dans l\u2019Espagne voisine, l\u2019incendie qui a commenc\u00e9 samedi \u00e0 Navalacruz, pr\u00e8s d\u2019Avila (centre-ouest), reste \u00ab\u00a0actif\u00a0\u00bb au \u00ab\u00a0niveau 2 de dangerosit\u00e9\u00a0\u00bb, mais son \u00e9volution est d\u00e9sormais qualifi\u00e9e de \u00ab\u00a0favorable\u00a0\u00bb, selon les autorit\u00e9s de la r\u00e9gion de Castille et L\u00e9on. Ce feu de for\u00eat a d\u00e9vast\u00e9 au moins 12.000 hectares et provoqu\u00e9 l\u2019\u00e9vacuation ce week-end de pr\u00e8s de mille habitants.Dans le sud-est de la France, au coeur de la R\u00e9serve naturelle nationale de la plaine des Maures, o\u00f9 l\u2019incendie s\u2019est d\u00e9clar\u00e9 lundi en fin d\u2019apr\u00e8s-midi, des pompiers hagards tentent de r\u00e9cup\u00e9rer apr\u00e8s une nuit pass\u00e9e \u00e0 lutter contre les flammes, ont constat\u00e9 des journalistes de l\u2019AFP.<\/p>\n<p class=\"has-black-color has-text-color\">\u00ab\u00a0L\u2019incendie est tr\u00e8s vaste, c\u2019est une lutte tr\u00e8s difficile\u00a0\u00bb, a soulign\u00e9 la commandante Delphine Vienco aupr\u00e8s de l\u2019AFP, \u00e9voquant \u00ab\u00a0les conditions d\u00e9favorables, avec un vent fort et de fortes temp\u00e9ratures\u00a0\u00bb.<br \/>Les d\u00e9g\u00e2ts sur l\u2019environnement sont importants : \u00ab\u00a0La r\u00e9serve naturelle de la plaine des Maures a \u00e9t\u00e9 d\u00e9vast\u00e9e pour moiti\u00e9. C\u2019est une catastrophe, car c\u2019est l\u2019un des derniers spots abritant la tortue d\u2019Hermann\u00a0\u00bb, une esp\u00e8ce prot\u00e9g\u00e9e, a expliqu\u00e9 \u00e0 l\u2019AFP Concha Agero, la directrice adjointe de l\u2019Office fran\u00e7ais de la biodiversit\u00e9.<br \/>Les \u00e9vacuations de milliers de personnes ont eu lieu dans l\u2019arri\u00e8re-pays de Cavalaire et de Saint-Tropez, a pr\u00e9cis\u00e9 la commandante Vienco.<\/p>\n<p class=\"has-black-color has-text-color\">La pr\u00e9fecture du Var a \u00e9galement confirm\u00e9 l\u2019\u00e9vacuation de plusieurs campings et demand\u00e9 de \u00ab\u00a0ne pas encombrer les routes autour du golfe de Saint-Tropez\u00a0\u00bb pour laisser travailler les secours.<br \/>Les personnes ainsi \u00e9vacu\u00e9es sont accueillies dans des salles municipales.<br \/>L\u2019incendie qui a d\u00e9but\u00e9 lundi au niveau d\u2019une aire d\u2019autoroute, \u00e0 une centaine de kilom\u00e8tres au nord-est de la ville c\u00f4ti\u00e8re de Toulon, avait parcouru 3.500 hectares de for\u00eat et de garrigue dans le massif des Maures mardi matin, selon les pompiers.<\/p>\n<p class=\"has-black-color has-text-color\">Certains campeurs ont pass\u00e9 une nuit difficile, apr\u00e8s avoir pr\u00e9f\u00e9r\u00e9 fuir les flammes, comme ces trois familles parties pr\u00e9cipitamment lundi soir de leur camping de la M\u00f4le, non loin de Cavalaire : \u00ab\u00a0On a d\u2019abord commenc\u00e9 par sentir la fum\u00e9e, vers 19H00 (17H00 GMT), puis on a vu les flammes sur la colline. On h\u00e9sitait, mais quand on a vu \u00e7a, on a d\u00e9cid\u00e9 de partir\u00a0\u00bb, t\u00e9moigne Cindy Thinesse, interrog\u00e9e par l\u2019AFP \u00e0 Cogolin.<\/p>\n<p>L\u2019article <a rel=\"nofollow\" href=\"http:\/\/albayane.press.ma\/violent-incendie-sur-la-cote-dazur-evacuations-et-scenes-de-desolation.html\">Violent incendie sur la C\u00f4te d\u2019Azur, \u00e9vacuations et sc\u00e8nes de d\u00e9solation<\/a> est apparu en premier sur <a rel=\"nofollow\" href=\"http:\/\/albayane.press.ma\/\">ALBAYANE<\/a>.<\/p>\n<\/div>\n<p>Auteur: M&rsquo;hammed rahal<br \/>\n<a href=\"http:\/\/albayane.press.ma\/violent-incendie-sur-la-cote-dazur-evacuations-et-scenes-de-desolation.html\">Cliquez ici pour lire l&rsquo;article depuis sa source.<\/a><\/p>\n","protected":false},"excerpt":{"rendered":"<p>France Des milliers de touristes \u00e9vacu\u00e9s, des pans de for\u00eats m\u00e9diterran\u00e9ennes calcin\u00e9s : un important incendie fait rage depuis lundi dans l\u2019arri\u00e8re-pays du port renomm\u00e9 de Saint-Tropez, sur la C\u00f4te d\u2019Azur, donnant lieu \u00e0 des sc\u00e8nes de d\u00e9solation. Sur la route qui traverse le massif des Maures, une zone de for\u00eat et de garrigue pris\u00e9e [&hellip;]<\/p>\n","protected":false},"author":1760,"featured_media":0,"comment_status":"closed","ping_status":"closed","sticky":false,"template":"","format":"standard","meta":{"fifu_image_url":"","fifu_image_alt":"","footnotes":""},"categories":[73,54],"tags":[],"class_list":["post-124542","post","type-post","status-publish","format-standard","hentry","category-actualite","category-maroc"],"_links":{"self":[{"href":"https:\/\/linitiative.ca\/International\/wp-json\/wp\/v2\/posts\/124542","targetHints":{"allow":["GET"]}}],"collection":[{"href":"https:\/\/linitiative.ca\/International\/wp-json\/wp\/v2\/posts"}],"about":[{"href":"https:\/\/linitiative.ca\/International\/wp-json\/wp\/v2\/types\/post"}],"author":[{"embeddable":true,"href":"https:\/\/linitiative.ca\/International\/wp-json\/wp\/v2\/users\/1760"}],"replies":[{"embeddable":true,"href":"https:\/\/linitiative.ca\/International\/wp-json\/wp\/v2\/comments?post=124542"}],"version-history":[{"count":0,"href":"https:\/\/linitiative.ca\/International\/wp-json\/wp\/v2\/posts\/124542\/revisions"}],"wp:attachment":[{"href":"https:\/\/linitiative.ca\/International\/wp-json\/wp\/v2\/media?parent=124542"}],"wp:term":[{"taxonomy":"category","embeddable":true,"href":"https:\/\/linitiative.ca\/International\/wp-json\/wp\/v2\/categories?post=124542"},{"taxonomy":"post_tag","embeddable":true,"href":"https:\/\/linitiative.ca\/International\/wp-json\/wp\/v2\/tags?post=124542"}],"curies":[{"name":"wp","href":"https:\/\/api.w.org\/{rel}","templated":true}]}}