{"id":124549,"date":"2021-08-19T14:04:50","date_gmt":"2021-08-19T18:04:50","guid":{"rendered":"https:\/\/linitiative.ca\/International\/la-france-exige-le-vaccin-aux-voyageurs-en-provenance-du-maroc\/"},"modified":"2021-08-19T14:04:50","modified_gmt":"2021-08-19T18:04:50","slug":"la-france-exige-le-vaccin-aux-voyageurs-en-provenance-du-maroc","status":"publish","type":"post","link":"https:\/\/linitiative.ca\/International\/la-france-exige-le-vaccin-aux-voyageurs-en-provenance-du-maroc\/","title":{"rendered":"La France exige le vaccin aux voyageurs en provenance du Maroc"},"content":{"rendered":"<div>\n<div style=\"margin-bottom:20px;\"><img loading=\"lazy\" decoding=\"async\" width=\"750\" height=\"430\" src=\"https:\/\/linitiative.ca\/International\/wp-content\/uploads\/sites\/23\/2021\/08\/vaccin-1-copier-2.jpg\" class=\"attachment-post-thumbnail size-post-thumbnail wp-post-image\" alt=\"\" srcset=\"https:\/\/linitiative.ca\/International\/wp-content\/uploads\/sites\/23\/2021\/08\/vaccin-1-copier-2.jpg 750w, http:\/\/www.mapmarrakech.ma\/map\/uploads\/2021\/08\/vaccin-1-copier-2-300x172.jpg 300w\" sizes=\"auto, (max-width: 750px) 100vw, 750px\"><\/div>\n<p>Conform\u00e9ment \u00e0 cet arr\u00eat\u00e9, les voyageurs en provenance du Maroc non vaccin\u00e9s devront justifier d\u2019un motif imp\u00e9rieux, pr\u00e9senter un test n\u00e9gatif et observer un isolement de 10 jours \u00e0 leur arriv\u00e9e en France.<\/p>\n<p>La d\u00e9claration d\u2019un motif imp\u00e9rieux devra \u00eatre soutenue par un justificatif et le test PCR ou antig\u00e9nique n\u00e9gatif devront avoir moins de 48 heures.<\/p>\n<p>Les arrivants vaccin\u00e9s devront quant \u00e0 eux prouver leur statut vaccinal.<\/p>\n<p>Depuis le 9 juin et dans le cadre de sa strat\u00e9gie de r\u00e9ouverture des fronti\u00e8res, la France classe les pays d\u2019arriv\u00e9e en trois cat\u00e9gories selon la gravit\u00e9 de la situation sanitaire, assortissant les arriv\u00e9es de mesures plus ou moins contraignantes.<\/p>\n<p>Le nombre de primo-vaccin\u00e9s a atteint mercredi 16.961.675, alors que celui des personnes compl\u00e8tement vaccin\u00e9es (1\u00e8re et 2\u00e8me doses) s\u2019est\u00a0 \u00e9lev\u00e9 \u00e0 12.341.745, selon le bulletin quotidien du minist\u00e8re marocain de la Sant\u00e9 faisant le suivi de la situation du Covid-19.<\/p>\n<p>The post <a rel=\"nofollow\" href=\"http:\/\/www.mapmarrakech.ma\/fr\/la-france-exige-le-vaccin-aux-voyageurs-en-provenance-du-maroc\/\">La France exige le vaccin aux voyageurs en provenance du Maroc<\/a> appeared first on <a rel=\"nofollow\" href=\"http:\/\/www.mapmarrakech.ma\/fr\">MapMarrakech<\/a>.<\/p>\n<\/div>\n<p>Auteur: Meriem IGASS<br \/>\n<a href=\"http:\/\/www.mapmarrakech.ma\/fr\/la-france-exige-le-vaccin-aux-voyageurs-en-provenance-du-maroc\/\">Cliquez ici pour lire l&rsquo;article depuis sa source.<\/a><\/p>\n","protected":false},"excerpt":{"rendered":"<p>Conform\u00e9ment \u00e0 cet arr\u00eat\u00e9, les voyageurs en provenance du Maroc non vaccin\u00e9s devront justifier d\u2019un motif imp\u00e9rieux, pr\u00e9senter un test n\u00e9gatif et observer un isolement de 10 jours \u00e0 leur arriv\u00e9e en France. La d\u00e9claration d\u2019un motif imp\u00e9rieux devra \u00eatre soutenue par un justificatif et le test PCR ou antig\u00e9nique n\u00e9gatif devront avoir moins de [&hellip;]<\/p>\n","protected":false},"author":1788,"featured_media":0,"comment_status":"closed","ping_status":"closed","sticky":false,"template":"","format":"standard","meta":{"fifu_image_url":"http:\/\/www.mapmarrakech.ma\/map\/uploads\/2021\/08\/vaccin-1-copier-2.jpg","fifu_image_alt":"La France exige le vaccin aux voyageurs en provenance du Maroc","footnotes":""},"categories":[54,76],"tags":[],"class_list":["post-124549","post","type-post","status-publish","format-standard","hentry","category-maroc","category-regions"],"_links":{"self":[{"href":"https:\/\/linitiative.ca\/International\/wp-json\/wp\/v2\/posts\/124549","targetHints":{"allow":["GET"]}}],"collection":[{"href":"https:\/\/linitiative.ca\/International\/wp-json\/wp\/v2\/posts"}],"about":[{"href":"https:\/\/linitiative.ca\/International\/wp-json\/wp\/v2\/types\/post"}],"author":[{"embeddable":true,"href":"https:\/\/linitiative.ca\/International\/wp-json\/wp\/v2\/users\/1788"}],"replies":[{"embeddable":true,"href":"https:\/\/linitiative.ca\/International\/wp-json\/wp\/v2\/comments?post=124549"}],"version-history":[{"count":0,"href":"https:\/\/linitiative.ca\/International\/wp-json\/wp\/v2\/posts\/124549\/revisions"}],"wp:attachment":[{"href":"https:\/\/linitiative.ca\/International\/wp-json\/wp\/v2\/media?parent=124549"}],"wp:term":[{"taxonomy":"category","embeddable":true,"href":"https:\/\/linitiative.ca\/International\/wp-json\/wp\/v2\/categories?post=124549"},{"taxonomy":"post_tag","embeddable":true,"href":"https:\/\/linitiative.ca\/International\/wp-json\/wp\/v2\/tags?post=124549"}],"curies":[{"name":"wp","href":"https:\/\/api.w.org\/{rel}","templated":true}]}}