{"id":124553,"date":"2021-08-19T10:14:39","date_gmt":"2021-08-19T14:14:39","guid":{"rendered":"https:\/\/linitiative.ca\/International\/espagne-un-passeur-marocain-arrete-apres-la-mort-de-14-migrants\/"},"modified":"2021-08-19T10:14:39","modified_gmt":"2021-08-19T14:14:39","slug":"espagne-un-passeur-marocain-arrete-apres-la-mort-de-14-migrants","status":"publish","type":"post","link":"https:\/\/linitiative.ca\/International\/espagne-un-passeur-marocain-arrete-apres-la-mort-de-14-migrants\/","title":{"rendered":"Espagne: Un passeur marocain arr\u00eat\u00e9 apr\u00e8s la mort de 14 migrants"},"content":{"rendered":"<div>\n<div class=\"field field-name-body field-type-text-with-summary field-label-hidden\">\n<div class=\"field-items\">\n<div class=\"field-item even\" property=\"content:encoded\">\n<p class=\"rtejustify\">La police espagnole a annonc\u00e9, jeudi 19 ao\u00fbt, un marocain soup\u00e7onn\u00e9 d\u2019\u00eatre un des capitaines d\u2019un bateau qui avait d\u00fb \u00eatre secouru au large du nord-ouest de l\u2019Afrique au d\u00e9but du mois. Parmi les 47 migrants africains passagers, 10 \u00e9taient morts durant la travers\u00e9e.<\/p>\n<\/div>\n<\/div>\n<\/div>\n<\/div>\n<p>Auteur: hgueye<br \/>\n<a href=\"https:\/\/www.leconomiste.com\/flash-infos\/espagne-un-passeur-marocain-arrete-apres-la-mort-de-14-migrants\">Cliquez ici pour lire l&rsquo;article depuis sa source.<\/a><\/p>\n","protected":false},"excerpt":{"rendered":"<p>La police espagnole a annonc\u00e9, jeudi 19 ao\u00fbt, un marocain soup\u00e7onn\u00e9 d\u2019\u00eatre un des capitaines d\u2019un bateau qui avait d\u00fb \u00eatre secouru au large du nord-ouest de l\u2019Afrique au d\u00e9but du mois. Parmi les 47 migrants africains passagers, 10 \u00e9taient morts durant la travers\u00e9e. Auteur: hgueye Cliquez ici pour lire l&rsquo;article depuis sa source.<\/p>\n","protected":false},"author":1763,"featured_media":0,"comment_status":"closed","ping_status":"closed","sticky":false,"template":"","format":"standard","meta":{"fifu_image_url":"","fifu_image_alt":"","footnotes":""},"categories":[78,54],"tags":[],"class_list":["post-124553","post","type-post","status-publish","format-standard","hentry","category-economie","category-maroc"],"_links":{"self":[{"href":"https:\/\/linitiative.ca\/International\/wp-json\/wp\/v2\/posts\/124553","targetHints":{"allow":["GET"]}}],"collection":[{"href":"https:\/\/linitiative.ca\/International\/wp-json\/wp\/v2\/posts"}],"about":[{"href":"https:\/\/linitiative.ca\/International\/wp-json\/wp\/v2\/types\/post"}],"author":[{"embeddable":true,"href":"https:\/\/linitiative.ca\/International\/wp-json\/wp\/v2\/users\/1763"}],"replies":[{"embeddable":true,"href":"https:\/\/linitiative.ca\/International\/wp-json\/wp\/v2\/comments?post=124553"}],"version-history":[{"count":0,"href":"https:\/\/linitiative.ca\/International\/wp-json\/wp\/v2\/posts\/124553\/revisions"}],"wp:attachment":[{"href":"https:\/\/linitiative.ca\/International\/wp-json\/wp\/v2\/media?parent=124553"}],"wp:term":[{"taxonomy":"category","embeddable":true,"href":"https:\/\/linitiative.ca\/International\/wp-json\/wp\/v2\/categories?post=124553"},{"taxonomy":"post_tag","embeddable":true,"href":"https:\/\/linitiative.ca\/International\/wp-json\/wp\/v2\/tags?post=124553"}],"curies":[{"name":"wp","href":"https:\/\/api.w.org\/{rel}","templated":true}]}}