{"id":124565,"date":"2021-08-19T06:30:41","date_gmt":"2021-08-19T10:30:41","guid":{"rendered":"https:\/\/linitiative.ca\/International\/opinion-une-jeunesse-fabuleuse-face-aux-horreurs-des-incendies\/"},"modified":"2021-08-19T06:30:41","modified_gmt":"2021-08-19T10:30:41","slug":"opinion-une-jeunesse-fabuleuse-face-aux-horreurs-des-incendies","status":"publish","type":"post","link":"https:\/\/linitiative.ca\/International\/opinion-une-jeunesse-fabuleuse-face-aux-horreurs-des-incendies\/","title":{"rendered":"Opinion : Une jeunesse fabuleuse face aux horreurs des incendies"},"content":{"rendered":"<div>\n<div class=\"sriret\"><img decoding=\"async\" src=\"https:\/\/linitiative.ca\/International\/wp-content\/uploads\/sites\/23\/2021\/08\/default-picture-709x366_c-42.jpg\"><\/div>\n<p>Nous sommes tous affect\u00e9s par les incendies qui ravagent le nord de notre pays, en particulier la Kabylie.<\/p>\n<p>Ces derniers jours nous ont montr\u00e9 des images de d\u00e9solation faites de morts, de beaucoup de personnes qui se voient impuissantes face \u00e0 leurs maisons, porteuses de leurs histoires familiales ou repr\u00e9sentant le fruit de leur labeur, partir en fum\u00e9e, des familles \u00e9parpill\u00e9es, nos for\u00eats br\u00fbl\u00e9es, le Zbarbar, un des symboles de la Guerre de Lib\u00e9ration et fief des Wilayas III et IV en train de dispara\u00eetre.<\/p>\n<p>Une nouvelle catastrophe qui alimente notre questionnement sur cette volont\u00e9 de voir notre Alg\u00e9rie \u00e0 terre. Pourtant, cette horreur a \u00e9galement montr\u00e9 qu\u2019en d\u00e9pit des d\u00e9fis et catastrophes, nous avons un peuple fabuleux et en particulier une jeunesse qui se sont mobilis\u00e9s aux quatre coins de l\u2019Alg\u00e9rie, y compris ceux se trouvant ailleurs, au-del\u00e0 des fronti\u00e8res nationales, pour venir en aide \u00e0 celles et ceux qui ont \u00e9t\u00e9 affect\u00e9s et prouvant encore une fois que l\u2019Alg\u00e9rie est une et indivisible.<\/p>\n<p>C\u2019est face \u00e0 l\u2019adversit\u00e9 que les Alg\u00e9riens prouvent que nous sommes une seule nation, et, comme pendant la lutte pour l\u2019ind\u00e9pendance de notre pays, nous avons pu montrer que nous savions \u00eatre unis de l\u2019est \u00e0 l\u2019ouest, du nord au sud pour nous \u00e9lever contre l\u2019adversit\u00e9.<\/p>\n<p>Je tiens aussi \u00e0 saluer les diff\u00e9rents corps de m\u00e9tiers plac\u00e9s en premi\u00e8re ligne, en particulier le personnel soignant qui, en plus de la lutte men\u00e9e contre la pand\u00e9mie de Covid-19, s\u2019est mobilis\u00e9 pour r\u00e9pondre \u00e0 la situation en d\u00e9pit des faibles moyens mis \u00e0 disposition. Je souhaite enfin rendre hommage \u00e0 Monsieur Bensma\u00efl qui a donn\u00e9 une le\u00e7on de courage et de dignit\u00e9 en d\u00e9pit de la trag\u00e9die qu\u2019il vit, celle de la perte de son enfant Djamel, Allah Yerahmou, Ina Lillah oua lna Ilayhi Radjiroun.<\/p>\n<p>Monsieur, vous avez tout notre respect, pour ne pas avoir allum\u00e9 un autre brasier qui aurait encore plus enflamm\u00e9 notre pays, mais plut\u00f4t avoir choisi de ramener l\u2019apaisement et le calme dans un moment o\u00f9 r\u00e8gnent confusion et col\u00e8re.<br \/>\nC\u2019est l\u2019attitude d\u2019un peuple dans les moments critiques de son histoire qui d\u00e9termine sa grandeur et le nombre de ses habitants ou l\u2019\u00e9tendue de son territoire.<\/p>\n<p>Vive l\u2019Alg\u00e9rie et vive le peuple alg\u00e9rien !<\/p>\n<p><strong>Zoubida Amirat<\/strong><\/p>\n<p>L\u2019article <a rel=\"nofollow\" href=\"https:\/\/www.elwatan.com\/edition\/actualite\/opinion-une-jeunesse-fabuleuse-face-aux-horreurs-des-incendies-19-08-2021\">Opinion : Une jeunesse fabuleuse face aux horreurs des incendies<\/a> est apparu en premier sur <a rel=\"nofollow\" href=\"https:\/\/www.elwatan.com\/\">El Watan<\/a>.<\/p>\n<\/div>\n<p>Auteur: Hicham Chouadria<br \/>\n<a href=\"https:\/\/www.elwatan.com\/edition\/actualite\/opinion-une-jeunesse-fabuleuse-face-aux-horreurs-des-incendies-19-08-2021\">Cliquez ici pour lire l&rsquo;article depuis sa source.<\/a><\/p>\n","protected":false},"excerpt":{"rendered":"<p>Nous sommes tous affect\u00e9s par les incendies qui ravagent le nord de notre pays, en particulier la Kabylie. Ces derniers jours nous ont montr\u00e9 des images de d\u00e9solation faites de morts, de beaucoup de personnes qui se voient impuissantes face \u00e0 leurs maisons, porteuses de leurs histoires familiales ou repr\u00e9sentant le fruit de leur labeur, [&hellip;]<\/p>\n","protected":false},"author":1743,"featured_media":0,"comment_status":"closed","ping_status":"closed","sticky":false,"template":"","format":"standard","meta":{"fifu_image_url":"https:\/\/www.elwatan.com\/wp-content\/themes\/spectr\/img\/default-picture-709x366_c.jpg","fifu_image_alt":"Opinion : Une jeunesse fabuleuse face aux horreurs des incendies","footnotes":""},"categories":[73,53],"tags":[],"class_list":["post-124565","post","type-post","status-publish","format-standard","hentry","category-actualite","category-algerie"],"_links":{"self":[{"href":"https:\/\/linitiative.ca\/International\/wp-json\/wp\/v2\/posts\/124565","targetHints":{"allow":["GET"]}}],"collection":[{"href":"https:\/\/linitiative.ca\/International\/wp-json\/wp\/v2\/posts"}],"about":[{"href":"https:\/\/linitiative.ca\/International\/wp-json\/wp\/v2\/types\/post"}],"author":[{"embeddable":true,"href":"https:\/\/linitiative.ca\/International\/wp-json\/wp\/v2\/users\/1743"}],"replies":[{"embeddable":true,"href":"https:\/\/linitiative.ca\/International\/wp-json\/wp\/v2\/comments?post=124565"}],"version-history":[{"count":0,"href":"https:\/\/linitiative.ca\/International\/wp-json\/wp\/v2\/posts\/124565\/revisions"}],"wp:attachment":[{"href":"https:\/\/linitiative.ca\/International\/wp-json\/wp\/v2\/media?parent=124565"}],"wp:term":[{"taxonomy":"category","embeddable":true,"href":"https:\/\/linitiative.ca\/International\/wp-json\/wp\/v2\/categories?post=124565"},{"taxonomy":"post_tag","embeddable":true,"href":"https:\/\/linitiative.ca\/International\/wp-json\/wp\/v2\/tags?post=124565"}],"curies":[{"name":"wp","href":"https:\/\/api.w.org\/{rel}","templated":true}]}}