{"id":124567,"date":"2021-08-19T06:35:40","date_gmt":"2021-08-19T10:35:40","guid":{"rendered":"https:\/\/linitiative.ca\/International\/alors-que-les-incendies-sont-totalement-circonscrits-lheure-des-bilans\/"},"modified":"2021-08-19T06:35:40","modified_gmt":"2021-08-19T10:35:40","slug":"alors-que-les-incendies-sont-totalement-circonscrits-lheure-des-bilans","status":"publish","type":"post","link":"https:\/\/linitiative.ca\/International\/alors-que-les-incendies-sont-totalement-circonscrits-lheure-des-bilans\/","title":{"rendered":"Alors que les incendies sont totalement circonscrits : L\u2019heure des bilans"},"content":{"rendered":"<div>\n<div class=\"sriret\"><img decoding=\"async\" src=\"https:\/\/linitiative.ca\/International\/wp-content\/uploads\/sites\/23\/2021\/08\/default-picture-709x366_c-43.jpg\"><\/div>\n<p>Si le nombre \u2013 non encore d\u00e9finitif \u2013 des victimes des feux de for\u00eat a \u00e9t\u00e9 arr\u00eat\u00e9 \u00e0 69 morts et \u00e0 des centaines de bless\u00e9s, le bilan non d\u00e9finitif des d\u00e9g\u00e2ts mat\u00e9riels occasionn\u00e9s par les flammes uniquement dans la wilaya de Tizi Ouzou illustre parfaitement l\u2019ampleur de la catastrophe.<\/p>\n<p>Les op\u00e9rations d\u2019\u00e9valuation effectu\u00e9es par les nombreux ing\u00e9nieurs et architectes du CTC (contr\u00f4le technique des constructions) de la wilaya de Tizi Ouzou et d\u2019autres wilayas, mobilis\u00e9s pour cette mission, ont cibl\u00e9 uniquement les habitations et exploitations agricoles et permis d\u2019avoir un premier bilan non exhaustif des dommages, r\u00e9v\u00e9l\u00e9 mardi dernier par le secr\u00e9taire g\u00e9n\u00e9ral de la wilaya et pr\u00e9sident de la cellule de crise, Miloud Fellahi.<\/p>\n<p>*Retrouvez l\u2019int\u00e9gralit\u00e9 de nos articles sur la version papier<\/p>\n<p>L\u2019article <a rel=\"nofollow\" href=\"https:\/\/www.elwatan.com\/edition\/actualite\/alors-que-les-incendies-sont-totalement-circonscrits-lheure-des-bilans-19-08-2021\">Alors que les incendies sont totalement circonscrits : L\u2019heure des bilans<\/a> est apparu en premier sur <a rel=\"nofollow\" href=\"https:\/\/www.elwatan.com\/\">El Watan<\/a>.<\/p>\n<\/div>\n<p>Auteur: Hicham Chouadria<br \/>\n<a href=\"https:\/\/www.elwatan.com\/edition\/actualite\/alors-que-les-incendies-sont-totalement-circonscrits-lheure-des-bilans-19-08-2021\">Cliquez ici pour lire l&rsquo;article depuis sa source.<\/a><\/p>\n","protected":false},"excerpt":{"rendered":"<p>Si le nombre \u2013 non encore d\u00e9finitif \u2013 des victimes des feux de for\u00eat a \u00e9t\u00e9 arr\u00eat\u00e9 \u00e0 69 morts et \u00e0 des centaines de bless\u00e9s, le bilan non d\u00e9finitif des d\u00e9g\u00e2ts mat\u00e9riels occasionn\u00e9s par les flammes uniquement dans la wilaya de Tizi Ouzou illustre parfaitement l\u2019ampleur de la catastrophe. Les op\u00e9rations d\u2019\u00e9valuation effectu\u00e9es par [&hellip;]<\/p>\n","protected":false},"author":1743,"featured_media":0,"comment_status":"closed","ping_status":"closed","sticky":false,"template":"","format":"standard","meta":{"fifu_image_url":"https:\/\/www.elwatan.com\/wp-content\/themes\/spectr\/img\/default-picture-709x366_c.jpg","fifu_image_alt":"Alors que les incendies sont totalement circonscrits : L\u2019heure des bilans","footnotes":""},"categories":[73,53],"tags":[],"class_list":["post-124567","post","type-post","status-publish","format-standard","hentry","category-actualite","category-algerie"],"_links":{"self":[{"href":"https:\/\/linitiative.ca\/International\/wp-json\/wp\/v2\/posts\/124567","targetHints":{"allow":["GET"]}}],"collection":[{"href":"https:\/\/linitiative.ca\/International\/wp-json\/wp\/v2\/posts"}],"about":[{"href":"https:\/\/linitiative.ca\/International\/wp-json\/wp\/v2\/types\/post"}],"author":[{"embeddable":true,"href":"https:\/\/linitiative.ca\/International\/wp-json\/wp\/v2\/users\/1743"}],"replies":[{"embeddable":true,"href":"https:\/\/linitiative.ca\/International\/wp-json\/wp\/v2\/comments?post=124567"}],"version-history":[{"count":0,"href":"https:\/\/linitiative.ca\/International\/wp-json\/wp\/v2\/posts\/124567\/revisions"}],"wp:attachment":[{"href":"https:\/\/linitiative.ca\/International\/wp-json\/wp\/v2\/media?parent=124567"}],"wp:term":[{"taxonomy":"category","embeddable":true,"href":"https:\/\/linitiative.ca\/International\/wp-json\/wp\/v2\/categories?post=124567"},{"taxonomy":"post_tag","embeddable":true,"href":"https:\/\/linitiative.ca\/International\/wp-json\/wp\/v2\/tags?post=124567"}],"curies":[{"name":"wp","href":"https:\/\/api.w.org\/{rel}","templated":true}]}}