{"id":124569,"date":"2021-08-19T06:40:31","date_gmt":"2021-08-19T10:40:31","guid":{"rendered":"https:\/\/linitiative.ca\/International\/reunion-du-haut-conseil-de-securite-le-mak-et-rachad-au-banc-des-accuses\/"},"modified":"2021-08-19T06:40:31","modified_gmt":"2021-08-19T10:40:31","slug":"reunion-du-haut-conseil-de-securite-le-mak-et-rachad-au-banc-des-accuses","status":"publish","type":"post","link":"https:\/\/linitiative.ca\/International\/reunion-du-haut-conseil-de-securite-le-mak-et-rachad-au-banc-des-accuses\/","title":{"rendered":"R\u00e9union du Haut conseil de s\u00e9curit\u00e9 : Le MAK et Rachad au banc des accus\u00e9s"},"content":{"rendered":"<div>\n<div class=\"sriret\"><img loading=\"lazy\" decoding=\"async\" width=\"1200\" height=\"786\" src=\"https:\/\/linitiative.ca\/International\/wp-content\/uploads\/sites\/23\/2021\/08\/el-mouradia-col.jpg\" class=\"attachment-featured_large size-featured_large wp-post-image\" alt=\"Retrait des formulaires de candidature au scrutin pr\u00e9sidentiel : Au moins 18 candidats potentiels\" style=\"margin-bottom: 15px;\" srcset=\"https:\/\/linitiative.ca\/International\/wp-content\/uploads\/sites\/23\/2021\/08\/el-mouradia-col.jpg 1200w, https:\/\/www.elwatan.com\/wp-content\/uploads\/2018\/09\/el-mouradia-col-300x197.jpg 300w, https:\/\/www.elwatan.com\/wp-content\/uploads\/2018\/09\/el-mouradia-col-768x503.jpg 768w, https:\/\/www.elwatan.com\/wp-content\/uploads\/2018\/09\/el-mouradia-col-1024x671.jpg 1024w\" sizes=\"auto, (max-width: 1200px) 100vw, 1200px\"><\/div>\n<p>Le Haut Conseil de s\u00e9curit\u00e9 (HCS) accuse directement les deux mouvements, qualifi\u00e9s de \u00abterroristes\u00bb, le MAK (Mouvement pour l\u2019autod\u00e9termination de la Kabylie) et Rachad, d\u2019\u00eatre \u00e0 l\u2019origine des derniers feux de for\u00eat en Kabylie et l\u2019assassinat abject du jeune Djamel Bensma\u00efl \u00e0 Larba\u00e2 Nath Irathen, dans la wilaya de Tizi Ouzou.<\/p>\n<p>\u00abApr\u00e8s la pr\u00e9sentation, par les services de s\u00e9curit\u00e9, du bilan des pertes humaines et mat\u00e9rielles engendr\u00e9es par les derniers feux de for\u00eat dans certaines wilayas, en particulier Tizi Ouzou et B\u00e9ja\u00efa, le pr\u00e9sident de la R\u00e9publique, Abdelmadjid Tebboune, a donn\u00e9 instruction \u00e0 tous les secteurs pour le suivi, l\u2019\u00e9valuation et la prise en charge des victimes de ces incendies dans lesquels sont impliqu\u00e9es les deux organisations terroristes MAK et Rachad, qui sont aussi impliqu\u00e9es dans l\u2019assassinat de feu Djamel Bensma\u00efl\u00bb, indique un communiqu\u00e9 de la pr\u00e9sidence de la R\u00e9publique, rendu public hier \u00e0 l\u2019issue d\u2019une r\u00e9union extraordinaire du Haut Conseil de s\u00e9curit\u00e9 (HCS).<\/p>\n<p>*Retrouvez l\u2019int\u00e9gralit\u00e9 de nos articles sur la version papier<\/p>\n<p>L\u2019article <a rel=\"nofollow\" href=\"https:\/\/www.elwatan.com\/a-la-une\/reunion-du-haut-conseil-de-securite-le-mak-et-rachad-au-banc-des-accuses-19-08-2021\">R\u00e9union du Haut conseil de s\u00e9curit\u00e9 : Le MAK et Rachad au banc des accus\u00e9s<\/a> est apparu en premier sur <a rel=\"nofollow\" href=\"https:\/\/www.elwatan.com\/\">El Watan<\/a>.<\/p>\n<\/div>\n<p>Auteur: Hicham Chouadria<br \/>\n<a href=\"https:\/\/www.elwatan.com\/a-la-une\/reunion-du-haut-conseil-de-securite-le-mak-et-rachad-au-banc-des-accuses-19-08-2021\">Cliquez ici pour lire l&rsquo;article depuis sa source.<\/a><\/p>\n","protected":false},"excerpt":{"rendered":"<p>Le Haut Conseil de s\u00e9curit\u00e9 (HCS) accuse directement les deux mouvements, qualifi\u00e9s de \u00abterroristes\u00bb, le MAK (Mouvement pour l\u2019autod\u00e9termination de la Kabylie) et Rachad, d\u2019\u00eatre \u00e0 l\u2019origine des derniers feux de for\u00eat en Kabylie et l\u2019assassinat abject du jeune Djamel Bensma\u00efl \u00e0 Larba\u00e2 Nath Irathen, dans la wilaya de Tizi Ouzou. \u00abApr\u00e8s la pr\u00e9sentation, par [&hellip;]<\/p>\n","protected":false},"author":1743,"featured_media":0,"comment_status":"closed","ping_status":"closed","sticky":false,"template":"","format":"standard","meta":{"fifu_image_url":"https:\/\/www.elwatan.com\/wp-content\/uploads\/2018\/09\/el-mouradia-col.jpg","fifu_image_alt":"R\u00e9union du Haut conseil de s\u00e9curit\u00e9 : Le MAK et Rachad au banc des accus\u00e9s","footnotes":""},"categories":[73,53],"tags":[],"class_list":["post-124569","post","type-post","status-publish","format-standard","hentry","category-actualite","category-algerie"],"_links":{"self":[{"href":"https:\/\/linitiative.ca\/International\/wp-json\/wp\/v2\/posts\/124569","targetHints":{"allow":["GET"]}}],"collection":[{"href":"https:\/\/linitiative.ca\/International\/wp-json\/wp\/v2\/posts"}],"about":[{"href":"https:\/\/linitiative.ca\/International\/wp-json\/wp\/v2\/types\/post"}],"author":[{"embeddable":true,"href":"https:\/\/linitiative.ca\/International\/wp-json\/wp\/v2\/users\/1743"}],"replies":[{"embeddable":true,"href":"https:\/\/linitiative.ca\/International\/wp-json\/wp\/v2\/comments?post=124569"}],"version-history":[{"count":0,"href":"https:\/\/linitiative.ca\/International\/wp-json\/wp\/v2\/posts\/124569\/revisions"}],"wp:attachment":[{"href":"https:\/\/linitiative.ca\/International\/wp-json\/wp\/v2\/media?parent=124569"}],"wp:term":[{"taxonomy":"category","embeddable":true,"href":"https:\/\/linitiative.ca\/International\/wp-json\/wp\/v2\/categories?post=124569"},{"taxonomy":"post_tag","embeddable":true,"href":"https:\/\/linitiative.ca\/International\/wp-json\/wp\/v2\/tags?post=124569"}],"curies":[{"name":"wp","href":"https:\/\/api.w.org\/{rel}","templated":true}]}}