{"id":124575,"date":"2021-08-19T07:50:00","date_gmt":"2021-08-19T11:50:00","guid":{"rendered":"https:\/\/linitiative.ca\/International\/melanges-en-lhonneur-du-pr-ferhat-horchani-ouverture-des-espaces-et-des-droits\/"},"modified":"2021-08-19T07:50:00","modified_gmt":"2021-08-19T11:50:00","slug":"melanges-en-lhonneur-du-pr-ferhat-horchani-ouverture-des-espaces-et-des-droits","status":"publish","type":"post","link":"https:\/\/linitiative.ca\/International\/melanges-en-lhonneur-du-pr-ferhat-horchani-ouverture-des-espaces-et-des-droits\/","title":{"rendered":"M\u00e9langes en l\u2019honneur du Pr Ferhat Horchani : Ouverture des espaces et des droits"},"content":{"rendered":"<div><img decoding=\"async\" src=\"https:\/\/linitiative.ca\/International\/wp-content\/uploads\/sites\/23\/2021\/08\/1627997639_article.jpg\" alt=\"Ferhat Horchani\" align=\"left\">Pr\u00e9curseur en droit international de l\u2019investissement, le Pr Ferhat Horchani est aussi un grand rassembleur. Pas moins d\u2019une trentaines d\u2019\u00e9minents juristes de diff\u00e9rentes universit\u00e9s, sp\u00e9cialit\u00e9s, g\u00e9n\u00e9rations et nationalit\u00e9s ont tenu \u00e0 lui offrir des M\u00e9langes riches et denses, en hommage \u00e0 son parcours universitaire et en expression d\u2019amiti\u00e9s et consid\u00e9ration. En plus de 1080 pages (dont 840 en langue fran\u00e7aise), ils lui ont d\u00e9di\u00e9 des contributions de qualit\u00e9, dans un ouvrage bien structur\u00e9, publi\u00e9 par la Facult\u00e9 de Droit et des Sciences politiques de Tunis, sous la direction du doyen Sami Bostangi, en collaboration avec Walid Ben Hamida et Samia Ben Ismail et &#8230;<\/p>\n<\/div>\n<p>Auteur:<br \/>\n<a href=\"https:\/\/www.leaders.com.tn\/article\/32240-ferhat-horchani\">Cliquez ici pour lire l&rsquo;article depuis sa source.<\/a><\/p>\n","protected":false},"excerpt":{"rendered":"<p>Pr\u00e9curseur en droit international de l\u2019investissement, le Pr Ferhat Horchani est aussi un grand rassembleur. Pas moins d\u2019une trentaines d\u2019\u00e9minents juristes de diff\u00e9rentes universit\u00e9s, sp\u00e9cialit\u00e9s, g\u00e9n\u00e9rations et nationalit\u00e9s ont tenu \u00e0 lui offrir des M\u00e9langes riches et denses, en hommage \u00e0 son parcours universitaire et en expression d\u2019amiti\u00e9s et consid\u00e9ration. En plus de 1080 pages [&hellip;]<\/p>\n","protected":false},"author":1772,"featured_media":0,"comment_status":"closed","ping_status":"closed","sticky":false,"template":"","format":"standard","meta":{"fifu_image_url":"http:\/\/www.leaders.com.tn\/uploads\/content\/thumbnails_small\/1627997639_article.jpg","fifu_image_alt":"M\u00e9langes en l\u2019honneur du Pr Ferhat Horchani : Ouverture des espaces et des droits","footnotes":""},"categories":[73,55],"tags":[],"class_list":["post-124575","post","type-post","status-publish","format-standard","hentry","category-actualite","category-tunisie"],"_links":{"self":[{"href":"https:\/\/linitiative.ca\/International\/wp-json\/wp\/v2\/posts\/124575","targetHints":{"allow":["GET"]}}],"collection":[{"href":"https:\/\/linitiative.ca\/International\/wp-json\/wp\/v2\/posts"}],"about":[{"href":"https:\/\/linitiative.ca\/International\/wp-json\/wp\/v2\/types\/post"}],"author":[{"embeddable":true,"href":"https:\/\/linitiative.ca\/International\/wp-json\/wp\/v2\/users\/1772"}],"replies":[{"embeddable":true,"href":"https:\/\/linitiative.ca\/International\/wp-json\/wp\/v2\/comments?post=124575"}],"version-history":[{"count":0,"href":"https:\/\/linitiative.ca\/International\/wp-json\/wp\/v2\/posts\/124575\/revisions"}],"wp:attachment":[{"href":"https:\/\/linitiative.ca\/International\/wp-json\/wp\/v2\/media?parent=124575"}],"wp:term":[{"taxonomy":"category","embeddable":true,"href":"https:\/\/linitiative.ca\/International\/wp-json\/wp\/v2\/categories?post=124575"},{"taxonomy":"post_tag","embeddable":true,"href":"https:\/\/linitiative.ca\/International\/wp-json\/wp\/v2\/tags?post=124575"}],"curies":[{"name":"wp","href":"https:\/\/api.w.org\/{rel}","templated":true}]}}