{"id":124587,"date":"2021-08-19T11:55:58","date_gmt":"2021-08-19T15:55:58","guid":{"rendered":"https:\/\/linitiative.ca\/International\/evolution-du-coronavirus-au-maroc-9-462-nouveaux-cas-791-559-au-total-jeudi-19-aout-2021-a-17-heures\/"},"modified":"2021-08-19T11:55:58","modified_gmt":"2021-08-19T15:55:58","slug":"evolution-du-coronavirus-au-maroc-9-462-nouveaux-cas-791-559-au-total-jeudi-19-aout-2021-a-17-heures","status":"publish","type":"post","link":"https:\/\/linitiative.ca\/International\/evolution-du-coronavirus-au-maroc-9-462-nouveaux-cas-791-559-au-total-jeudi-19-aout-2021-a-17-heures\/","title":{"rendered":"\u00c9volution du coronavirus au Maroc. 9 462 nouveaux cas, 791 559 au total, jeudi 19 ao\u00fbt 2021 \u00e0 17 heures"},"content":{"rendered":"<div><img decoding=\"async\" width=\"864\" height=\"486\" src=\"https:\/\/linitiative.ca\/International\/wp-content\/uploads\/sites\/23\/2021\/08\/Covid-19-aout-1.jpg\" class=\"attachment-post-thumbnail size-post-thumbnail wp-post-image\" alt=\"\" loading=\"lazy\" srcset=\"https:\/\/linitiative.ca\/International\/wp-content\/uploads\/sites\/23\/2021\/08\/Covid-19-aout-1.jpg 864w, https:\/\/www.challenge.ma\/wp-content\/uploads\/2021\/08\/Covid-19-aout-1-300x169.jpg 300w, https:\/\/www.challenge.ma\/wp-content\/uploads\/2021\/08\/Covid-19-aout-1-768x432.jpg 768w, https:\/\/www.challenge.ma\/wp-content\/uploads\/2021\/08\/Covid-19-aout-1-360x203.jpg 360w, https:\/\/www.challenge.ma\/wp-content\/uploads\/2021\/08\/Covid-19-aout-1-750x422.jpg 750w\" sizes=\"auto, (max-width: 864px) 100vw, 864px\" itemprop=\"image\">9 462 nouveaux cas d\u2019infection au coronavirus ont \u00e9t\u00e9 confirm\u00e9s au Maroc durant les derni\u00e8res 24 h, portant le nombre total de cas de contamination \u00e0\u00a0791 559, a annonc\u00e9 le minist\u00e8re de la Sant\u00e9.\u00a0Le nombre de personnes d\u00e9clar\u00e9es gu\u00e9ries\u00a0s\u2019est \u00e9lev\u00e9 \u00e0 698 472\u00a0avec 9 570 r\u00e9missions suppl\u00e9mentaires, alors que le<\/div>\n<p>Auteur: challenge<br \/>\n<a href=\"https:\/\/www.challenge.ma\/evolution-du-coronavirus-au-maroc-9-462-nouveaux-cas-791-559-au-total-jeudi-19-aout-2021-a-17-heures-196061\/\">Cliquez ici pour lire l&rsquo;article depuis sa source.<\/a><\/p>\n","protected":false},"excerpt":{"rendered":"<p>9 462 nouveaux cas d\u2019infection au coronavirus ont \u00e9t\u00e9 confirm\u00e9s au Maroc durant les derni\u00e8res 24 h, portant le nombre total de cas de contamination \u00e0\u00a0791 559, a annonc\u00e9 le minist\u00e8re de la Sant\u00e9.\u00a0Le nombre de personnes d\u00e9clar\u00e9es gu\u00e9ries\u00a0s\u2019est \u00e9lev\u00e9 \u00e0 698 472\u00a0avec 9 570 r\u00e9missions suppl\u00e9mentaires, alors que le Auteur: challenge Cliquez ici pour [&hellip;]<\/p>\n","protected":false},"author":1787,"featured_media":0,"comment_status":"closed","ping_status":"closed","sticky":false,"template":"","format":"standard","meta":{"fifu_image_url":"https:\/\/www.challenge.ma\/wp-content\/uploads\/2021\/08\/Covid-19-aout-1.jpg","fifu_image_alt":"\u00c9volution du coronavirus au Maroc. 9 462 nouveaux cas, 791 559 au total, jeudi 19 ao\u00fbt 2021 \u00e0 17 heures","footnotes":""},"categories":[78,54],"tags":[],"class_list":["post-124587","post","type-post","status-publish","format-standard","hentry","category-economie","category-maroc"],"_links":{"self":[{"href":"https:\/\/linitiative.ca\/International\/wp-json\/wp\/v2\/posts\/124587","targetHints":{"allow":["GET"]}}],"collection":[{"href":"https:\/\/linitiative.ca\/International\/wp-json\/wp\/v2\/posts"}],"about":[{"href":"https:\/\/linitiative.ca\/International\/wp-json\/wp\/v2\/types\/post"}],"author":[{"embeddable":true,"href":"https:\/\/linitiative.ca\/International\/wp-json\/wp\/v2\/users\/1787"}],"replies":[{"embeddable":true,"href":"https:\/\/linitiative.ca\/International\/wp-json\/wp\/v2\/comments?post=124587"}],"version-history":[{"count":0,"href":"https:\/\/linitiative.ca\/International\/wp-json\/wp\/v2\/posts\/124587\/revisions"}],"wp:attachment":[{"href":"https:\/\/linitiative.ca\/International\/wp-json\/wp\/v2\/media?parent=124587"}],"wp:term":[{"taxonomy":"category","embeddable":true,"href":"https:\/\/linitiative.ca\/International\/wp-json\/wp\/v2\/categories?post=124587"},{"taxonomy":"post_tag","embeddable":true,"href":"https:\/\/linitiative.ca\/International\/wp-json\/wp\/v2\/tags?post=124587"}],"curies":[{"name":"wp","href":"https:\/\/api.w.org\/{rel}","templated":true}]}}