{"id":124589,"date":"2021-08-19T15:55:56","date_gmt":"2021-08-19T19:55:56","guid":{"rendered":"https:\/\/linitiative.ca\/International\/algerie-ce-regime-qui-est-pret-a-mettre-a-feu-et-a-sang-toute-la-region-du-maghreb-pour-se-maintenir-au-pouvoir\/"},"modified":"2021-08-19T15:55:56","modified_gmt":"2021-08-19T19:55:56","slug":"algerie-ce-regime-qui-est-pret-a-mettre-a-feu-et-a-sang-toute-la-region-du-maghreb-pour-se-maintenir-au-pouvoir","status":"publish","type":"post","link":"https:\/\/linitiative.ca\/International\/algerie-ce-regime-qui-est-pret-a-mettre-a-feu-et-a-sang-toute-la-region-du-maghreb-pour-se-maintenir-au-pouvoir\/","title":{"rendered":"Alg\u00e9rie. Ce r\u00e9gime qui est pr\u00eat \u00e0 mettre \u00ab\u00a0\u00e0 feu et \u00e0 sang\u00a0\u00bb toute la r\u00e9gion du Maghreb pour se maintenir au pouvoir"},"content":{"rendered":"<div><img decoding=\"async\" width=\"800\" height=\"533\" src=\"https:\/\/linitiative.ca\/International\/wp-content\/uploads\/sites\/23\/2021\/08\/tebboune-2-1.jpg\" class=\"attachment-post-thumbnail size-post-thumbnail wp-post-image\" alt=\"\" loading=\"lazy\" srcset=\"https:\/\/linitiative.ca\/International\/wp-content\/uploads\/sites\/23\/2021\/08\/tebboune-2-1.jpg 800w, https:\/\/www.challenge.ma\/wp-content\/uploads\/2021\/08\/tebboune-2-1-300x200.jpg 300w, https:\/\/www.challenge.ma\/wp-content\/uploads\/2021\/08\/tebboune-2-1-768x512.jpg 768w, https:\/\/www.challenge.ma\/wp-content\/uploads\/2021\/08\/tebboune-2-1-360x240.jpg 360w, https:\/\/www.challenge.ma\/wp-content\/uploads\/2021\/08\/tebboune-2-1-750x500.jpg 750w\" sizes=\"auto, (max-width: 800px) 100vw, 800px\" itemprop=\"image\">Le pr\u00e9sident nomm\u00e9, et jamais \u00e9lu, Tebboune, cornaqu\u00e9 par ses v\u00e9ritables chefs, l\u2019\u00e9tat-major de l\u2019arm\u00e9e, a invent\u00e9 de toutes pi\u00e8ces et a officiellement port\u00e9 des accusations incroyables contre le Maroc pour \u00ab\u00a0sa participation et sa responsabilit\u00e9\u00a0\u00bb dans le d\u00e9clenchement des r\u00e9cents incendies qui ont ravag\u00e9 des milliers d\u2019hectares de for\u00eats,<\/div>\n<p>Auteur: challenge<br \/>\n<a href=\"https:\/\/www.challenge.ma\/algerie-ce-regime-pret-a-mettre-a-feu-et-a-sang-toute-la-region-du-maghreb-pour-se-maintenir-au-pouvoir-196052\/\">Cliquez ici pour lire l&rsquo;article depuis sa source.<\/a><\/p>\n","protected":false},"excerpt":{"rendered":"<p>Le pr\u00e9sident nomm\u00e9, et jamais \u00e9lu, Tebboune, cornaqu\u00e9 par ses v\u00e9ritables chefs, l\u2019\u00e9tat-major de l\u2019arm\u00e9e, a invent\u00e9 de toutes pi\u00e8ces et a officiellement port\u00e9 des accusations incroyables contre le Maroc pour \u00ab\u00a0sa participation et sa responsabilit\u00e9\u00a0\u00bb dans le d\u00e9clenchement des r\u00e9cents incendies qui ont ravag\u00e9 des milliers d\u2019hectares de for\u00eats, Auteur: challenge Cliquez ici pour [&hellip;]<\/p>\n","protected":false},"author":1787,"featured_media":0,"comment_status":"closed","ping_status":"closed","sticky":false,"template":"","format":"standard","meta":{"fifu_image_url":"https:\/\/www.challenge.ma\/wp-content\/uploads\/2021\/08\/tebboune-2-1.jpg","fifu_image_alt":"Alg\u00e9rie. Ce r\u00e9gime qui est pr\u00eat \u00e0 mettre \u00ab\u00a0\u00e0 feu et \u00e0 sang\u00a0\u00bb toute la r\u00e9gion du Maghreb pour se maintenir au pouvoir","footnotes":""},"categories":[78,54],"tags":[],"class_list":["post-124589","post","type-post","status-publish","format-standard","hentry","category-economie","category-maroc"],"_links":{"self":[{"href":"https:\/\/linitiative.ca\/International\/wp-json\/wp\/v2\/posts\/124589","targetHints":{"allow":["GET"]}}],"collection":[{"href":"https:\/\/linitiative.ca\/International\/wp-json\/wp\/v2\/posts"}],"about":[{"href":"https:\/\/linitiative.ca\/International\/wp-json\/wp\/v2\/types\/post"}],"author":[{"embeddable":true,"href":"https:\/\/linitiative.ca\/International\/wp-json\/wp\/v2\/users\/1787"}],"replies":[{"embeddable":true,"href":"https:\/\/linitiative.ca\/International\/wp-json\/wp\/v2\/comments?post=124589"}],"version-history":[{"count":0,"href":"https:\/\/linitiative.ca\/International\/wp-json\/wp\/v2\/posts\/124589\/revisions"}],"wp:attachment":[{"href":"https:\/\/linitiative.ca\/International\/wp-json\/wp\/v2\/media?parent=124589"}],"wp:term":[{"taxonomy":"category","embeddable":true,"href":"https:\/\/linitiative.ca\/International\/wp-json\/wp\/v2\/categories?post=124589"},{"taxonomy":"post_tag","embeddable":true,"href":"https:\/\/linitiative.ca\/International\/wp-json\/wp\/v2\/tags?post=124589"}],"curies":[{"name":"wp","href":"https:\/\/api.w.org\/{rel}","templated":true}]}}