{"id":124593,"date":"2021-08-19T15:00:55","date_gmt":"2021-08-19T19:00:55","guid":{"rendered":"https:\/\/linitiative.ca\/International\/monastir-arrestation-dun-element-takfiriste-incitant-a-lassassinat-du-president-de-la-republique\/"},"modified":"2021-08-19T15:00:55","modified_gmt":"2021-08-19T19:00:55","slug":"monastir-arrestation-dun-element-takfiriste-incitant-a-lassassinat-du-president-de-la-republique","status":"publish","type":"post","link":"https:\/\/linitiative.ca\/International\/monastir-arrestation-dun-element-takfiriste-incitant-a-lassassinat-du-president-de-la-republique\/","title":{"rendered":"Monastir : Arrestation d\u2019un \u00e9l\u00e9ment takfiriste incitant \u00e0 l\u2019assassinat du Pr\u00e9sident de la R\u00e9publique"},"content":{"rendered":"<div>\n<p>En coordination avec le D\u00e9partement de Pr\u00e9vention du Terrorisme de la Garde Nationale de Monastir, l\u2019Equipe de Recherche et d\u2019Inspection a r\u00e9ussi \u00e0 arr\u00eater un \u00e9l\u00e9ment takfiriste incitant \u00e0 l\u2019assassinat du Pr\u00e9sident de la R\u00e9publique dans des posts publi\u00e9 sur son compte sur Facebook. Dans une d\u00e9claration accord\u00e9e \u00e0 une radio priv\u00e9e, le Secr\u00e9taire G\u00e9n\u00e9ral [\u2026]<\/p>\n<p>L\u2019article <a href=\"https:\/\/www.tunisienumerique.com\/monastir-arrestation-dun-element-takfiriste-incitant-a-lassassinat-du-president-de-la-republique\/\">Monastir : Arrestation d\u2019un \u00e9l\u00e9ment takfiriste incitant \u00e0 l\u2019assassinat du Pr\u00e9sident de la R\u00e9publique<\/a> est apparu en premier sur <a href=\"https:\/\/www.tunisienumerique.com\/\">Tunisie<\/a>.<\/p>\n<\/div>\n<p>Auteur: rania ben slimane<br \/>\n<a href=\"https:\/\/www.tunisienumerique.com\/monastir-arrestation-dun-element-takfiriste-incitant-a-lassassinat-du-president-de-la-republique\/\">Cliquez ici pour lire l&rsquo;article depuis sa source.<\/a><\/p>\n","protected":false},"excerpt":{"rendered":"<p>En coordination avec le D\u00e9partement de Pr\u00e9vention du Terrorisme de la Garde Nationale de Monastir, l\u2019Equipe de Recherche et d\u2019Inspection a r\u00e9ussi \u00e0 arr\u00eater un \u00e9l\u00e9ment takfiriste incitant \u00e0 l\u2019assassinat du Pr\u00e9sident de la R\u00e9publique dans des posts publi\u00e9 sur son compte sur Facebook. Dans une d\u00e9claration accord\u00e9e \u00e0 une radio priv\u00e9e, le Secr\u00e9taire G\u00e9n\u00e9ral [&hellip;]<\/p>\n","protected":false},"author":1789,"featured_media":0,"comment_status":"closed","ping_status":"closed","sticky":false,"template":"","format":"standard","meta":{"fifu_image_url":"","fifu_image_alt":"","footnotes":""},"categories":[73,55],"tags":[],"class_list":["post-124593","post","type-post","status-publish","format-standard","hentry","category-actualite","category-tunisie"],"_links":{"self":[{"href":"https:\/\/linitiative.ca\/International\/wp-json\/wp\/v2\/posts\/124593","targetHints":{"allow":["GET"]}}],"collection":[{"href":"https:\/\/linitiative.ca\/International\/wp-json\/wp\/v2\/posts"}],"about":[{"href":"https:\/\/linitiative.ca\/International\/wp-json\/wp\/v2\/types\/post"}],"author":[{"embeddable":true,"href":"https:\/\/linitiative.ca\/International\/wp-json\/wp\/v2\/users\/1789"}],"replies":[{"embeddable":true,"href":"https:\/\/linitiative.ca\/International\/wp-json\/wp\/v2\/comments?post=124593"}],"version-history":[{"count":0,"href":"https:\/\/linitiative.ca\/International\/wp-json\/wp\/v2\/posts\/124593\/revisions"}],"wp:attachment":[{"href":"https:\/\/linitiative.ca\/International\/wp-json\/wp\/v2\/media?parent=124593"}],"wp:term":[{"taxonomy":"category","embeddable":true,"href":"https:\/\/linitiative.ca\/International\/wp-json\/wp\/v2\/categories?post=124593"},{"taxonomy":"post_tag","embeddable":true,"href":"https:\/\/linitiative.ca\/International\/wp-json\/wp\/v2\/tags?post=124593"}],"curies":[{"name":"wp","href":"https:\/\/api.w.org\/{rel}","templated":true}]}}